{"id":26852,"date":"2025-09-04T10:57:37","date_gmt":"2025-09-04T10:57:37","guid":{"rendered":"https:\/\/www.notijalapa.net\/noticias\/?p=26852"},"modified":"2025-09-04T11:13:04","modified_gmt":"2025-09-04T11:13:04","slug":"concentran-todo-el-personal-de-pmt-por-actividades-septembrinas","status":"publish","type":"post","link":"https:\/\/www.notijalapa.net\/noticias\/2025\/09\/04\/concentran-todo-el-personal-de-pmt-por-actividades-septembrinas\/","title":{"rendered":"Concentran todo el personal de PMT por actividades septembrinas"},"content":{"rendered":"<p>La Polic\u00eda Municipal de Transito ya tienen todo el personal a disposici\u00f3n de las actividades de feria que dar\u00e1n inicio este viernes con el desfile de inauguraci\u00f3n y el desfile h\u00edpico que es el fin de semana, seg\u00fan lo dio a conocer Myron Gonz\u00e1lez director de la PMT.<\/p>\n<p><a href=\"https:\/\/www.notijalapa.net\/noticias\/2025\/09\/04\/gobernacion-departamental-no-acciona-ante-la-inseguridad-y-violencia-que-hay-en-jalapa\/\">MIRA: Gobernaci\u00f3n departamental no acciona ante la inseguridad y violencia que hay en Jalapa<\/a><\/p>\n<p>Ya tienen estipulado el plan de trabajo de como va a estar distribuido el personal, para estar cerrando las calles y cruceros m\u00e1s importantes, con el objetivo de evitar alg\u00fan inconveniente, porque hay muchas personas que no respetan la se\u00f1ales, entonces quieren que los agentes est\u00e9n listos y evitar alg\u00fan da\u00f1o.<\/p>\n<p><iframe loading=\"lazy\" title=\"Concentran todo el personal de PMT por actividades septembrinas\" width=\"640\" height=\"360\" src=\"https:\/\/www.youtube.com\/embed\/ct3d-1l2P9w?feature=oembed\" frameborder=\"0\" allow=\"accelerometer; autoplay; clipboard-write; encrypted-media; gyroscope; picture-in-picture; web-share\" referrerpolicy=\"strict-origin-when-cross-origin\" allowfullscreen><\/iframe><\/p>\n<p>Todas las salidas buscar\u00e1n que est\u00e9n despejadas a excepci\u00f3n de la Calzada Autonom\u00eda del Deporte por el tema del desfile h\u00edpico, est\u00e1n trabajando en la ruta v\u00eda a Los Achiotes, para salir por la gasera, ruta a Monjas tienen el puente Chipilapa.<\/p>\n<p style=\"text-align: center;\"><iframe loading=\"lazy\" style=\"border: none; overflow: hidden;\" src=\"https:\/\/www.facebook.com\/plugins\/post.php?href=https%3A%2F%2Fwww.facebook.com%2Fpermalink.php%3Fstory_fbid%3Dpfbid0379RtnwuMuWCfSC4kFLo1TshEt1fnMyPzGrtyZoTWJnnVXZHSN4v4sDRq9m2nEUQNl%26id%3D100083158940816&amp;show_text=true&amp;width=500\" width=\"500\" height=\"545\" frameborder=\"0\" scrolling=\"no\" allowfullscreen=\"allowfullscreen\"><\/iframe><\/p>\n","protected":false},"excerpt":{"rendered":"<p>La Polic\u00eda Municipal de Transito ya tienen todo el personal a disposici\u00f3n de las actividades de feria que dar\u00e1n inicio este viernes con el desfile de inauguraci\u00f3n y el desfile h\u00edpico que es el fin de semana, seg\u00fan lo dio a conocer Myron Gonz\u00e1lez director de la PMT. MIRA: Gobernaci\u00f3n departamental no acciona ante la inseguridad y violencia que hay en Jalapa Ya tienen estipulado el plan de trabajo de como va a estar distribuido el personal, para estar cerrando las calles y cruceros m\u00e1s importantes, con el objetivo de&hellip;<\/p>\n","protected":false},"author":2,"featured_media":26846,"comment_status":"open","ping_status":"open","sticky":false,"template":"","format":"standard","meta":{"footnotes":""},"categories":[3],"tags":[9964,9965],"class_list":["post-26852","post","type-post","status-publish","format-standard","has-post-thumbnail","hentry","category-locales","tag-concentran-todo-el-personal-de","tag-pmt-por-actividades-septembrinas"],"gutentor_comment":0,"_links":{"self":[{"href":"https:\/\/www.notijalapa.net\/noticias\/wp-json\/wp\/v2\/posts\/26852","targetHints":{"allow":["GET"]}}],"collection":[{"href":"https:\/\/www.notijalapa.net\/noticias\/wp-json\/wp\/v2\/posts"}],"about":[{"href":"https:\/\/www.notijalapa.net\/noticias\/wp-json\/wp\/v2\/types\/post"}],"author":[{"embeddable":true,"href":"https:\/\/www.notijalapa.net\/noticias\/wp-json\/wp\/v2\/users\/2"}],"replies":[{"embeddable":true,"href":"https:\/\/www.notijalapa.net\/noticias\/wp-json\/wp\/v2\/comments?post=26852"}],"version-history":[{"count":2,"href":"https:\/\/www.notijalapa.net\/noticias\/wp-json\/wp\/v2\/posts\/26852\/revisions"}],"predecessor-version":[{"id":26861,"href":"https:\/\/www.notijalapa.net\/noticias\/wp-json\/wp\/v2\/posts\/26852\/revisions\/26861"}],"wp:featuredmedia":[{"embeddable":true,"href":"https:\/\/www.notijalapa.net\/noticias\/wp-json\/wp\/v2\/media\/26846"}],"wp:attachment":[{"href":"https:\/\/www.notijalapa.net\/noticias\/wp-json\/wp\/v2\/media?parent=26852"}],"wp:term":[{"taxonomy":"category","embeddable":true,"href":"https:\/\/www.notijalapa.net\/noticias\/wp-json\/wp\/v2\/categories?post=26852"},{"taxonomy":"post_tag","embeddable":true,"href":"https:\/\/www.notijalapa.net\/noticias\/wp-json\/wp\/v2\/tags?post=26852"}],"curies":[{"name":"wp","href":"https:\/\/api.w.org\/{rel}","templated":true}]}}