{"id":26829,"date":"2025-09-03T10:58:47","date_gmt":"2025-09-03T10:58:47","guid":{"rendered":"https:\/\/www.notijalapa.net\/noticias\/?p=26829"},"modified":"2025-09-03T11:15:03","modified_gmt":"2025-09-03T11:15:03","slug":"deberan-implementar-una-norma-para-la-reduccion-de-desastres-en-la-feria-de-jalapa","status":"publish","type":"post","link":"https:\/\/www.notijalapa.net\/noticias\/2025\/09\/03\/deberan-implementar-una-norma-para-la-reduccion-de-desastres-en-la-feria-de-jalapa\/","title":{"rendered":"Deber\u00e1n implementar una norma para la reducci\u00f3n de desastres en la feria de Jalapa"},"content":{"rendered":"<p>Ellos como secretar\u00eda de CONRED deben estar asesorando directamente a las municipalidades, ya que son las entidades las que desarrollan los eventos de feria, seg\u00fan lo manifest\u00f3 el Ing. Cristian Estrada delegado de la CONRED.<\/p>\n<p><a href=\"https:\/\/www.notijalapa.net\/noticias\/2025\/09\/03\/realizaran-inspeccion-de-saneamiento-en-los-locales-de-la-feria\/\">MIRA: Realizar\u00e1n inspecci\u00f3n de saneamiento en los locales de la feria<\/a><\/p>\n<p>Han asesorado a los comit\u00e9s de feria que est\u00e1n establecidos en la cabecera municipal y han notificado la implementaci\u00f3n de la norma NRD4, la cual es la norma para la reducci\u00f3n de desastres por eventos socio-organizativos.<\/p>\n<p><iframe loading=\"lazy\" title=\"Deber\u00e1n implementar una norma para la reducci\u00f3n de desastres en la feria de Jalapa\" width=\"640\" height=\"360\" src=\"https:\/\/www.youtube.com\/embed\/mr8HABHK_CM?feature=oembed\" frameborder=\"0\" allow=\"accelerometer; autoplay; clipboard-write; encrypted-media; gyroscope; picture-in-picture; web-share\" referrerpolicy=\"strict-origin-when-cross-origin\" allowfullscreen><\/iframe><\/p>\n<p>En este mes de septiembre se tendr\u00e1n actividades socio-organizativas propias culturales, los actos protocolarios, eventos musicales y los juegos mec\u00e1nicos que se estar\u00e1n desarrollando en este lapso de tiempo. En este sentido, las unidades de gesti\u00f3n de riesgos de la Municipalidad ya han notificado al comit\u00e9 de feria para la implementaci\u00f3n de esta norma.<\/p>\n<p style=\"text-align: center;\"><iframe loading=\"lazy\" style=\"border: none; overflow: hidden;\" src=\"https:\/\/www.facebook.com\/plugins\/post.php?href=https%3A%2F%2Fwww.facebook.com%2Fpermalink.php%3Fstory_fbid%3Dpfbid02yCTF71tTagQvYdX2ry7tiwvQW7dwEdh18y7FidL1rn45TU91iD3UQpCrgKiwUqwjl%26id%3D100083158940816&amp;show_text=true&amp;width=500\" width=\"500\" height=\"506\" frameborder=\"0\" scrolling=\"no\" allowfullscreen=\"allowfullscreen\"><\/iframe><\/p>\n","protected":false},"excerpt":{"rendered":"<p>Ellos como secretar\u00eda de CONRED deben estar asesorando directamente a las municipalidades, ya que son las entidades las que desarrollan los eventos de feria, seg\u00fan lo manifest\u00f3 el Ing. Cristian Estrada delegado de la CONRED. MIRA: Realizar\u00e1n inspecci\u00f3n de saneamiento en los locales de la feria Han asesorado a los comit\u00e9s de feria que est\u00e1n establecidos en la cabecera municipal y han notificado la implementaci\u00f3n de la norma NRD4, la cual es la norma para la reducci\u00f3n de desastres por eventos socio-organizativos. En este mes de septiembre se tendr\u00e1n actividades&hellip;<\/p>\n","protected":false},"author":2,"featured_media":26820,"comment_status":"open","ping_status":"open","sticky":false,"template":"","format":"standard","meta":{"footnotes":""},"categories":[3],"tags":[9955,9954],"class_list":["post-26829","post","type-post","status-publish","format-standard","has-post-thumbnail","hentry","category-locales","tag-de-desastres-en-la-feria-de-jalapa","tag-deberan-implementar-una-norma-para-la-reduccion"],"gutentor_comment":0,"_links":{"self":[{"href":"https:\/\/www.notijalapa.net\/noticias\/wp-json\/wp\/v2\/posts\/26829","targetHints":{"allow":["GET"]}}],"collection":[{"href":"https:\/\/www.notijalapa.net\/noticias\/wp-json\/wp\/v2\/posts"}],"about":[{"href":"https:\/\/www.notijalapa.net\/noticias\/wp-json\/wp\/v2\/types\/post"}],"author":[{"embeddable":true,"href":"https:\/\/www.notijalapa.net\/noticias\/wp-json\/wp\/v2\/users\/2"}],"replies":[{"embeddable":true,"href":"https:\/\/www.notijalapa.net\/noticias\/wp-json\/wp\/v2\/comments?post=26829"}],"version-history":[{"count":2,"href":"https:\/\/www.notijalapa.net\/noticias\/wp-json\/wp\/v2\/posts\/26829\/revisions"}],"predecessor-version":[{"id":26838,"href":"https:\/\/www.notijalapa.net\/noticias\/wp-json\/wp\/v2\/posts\/26829\/revisions\/26838"}],"wp:featuredmedia":[{"embeddable":true,"href":"https:\/\/www.notijalapa.net\/noticias\/wp-json\/wp\/v2\/media\/26820"}],"wp:attachment":[{"href":"https:\/\/www.notijalapa.net\/noticias\/wp-json\/wp\/v2\/media?parent=26829"}],"wp:term":[{"taxonomy":"category","embeddable":true,"href":"https:\/\/www.notijalapa.net\/noticias\/wp-json\/wp\/v2\/categories?post=26829"},{"taxonomy":"post_tag","embeddable":true,"href":"https:\/\/www.notijalapa.net\/noticias\/wp-json\/wp\/v2\/tags?post=26829"}],"curies":[{"name":"wp","href":"https:\/\/api.w.org\/{rel}","templated":true}]}}