{"id":26827,"date":"2025-09-03T10:58:18","date_gmt":"2025-09-03T10:58:18","guid":{"rendered":"https:\/\/www.notijalapa.net\/noticias\/?p=26827"},"modified":"2025-09-03T11:15:51","modified_gmt":"2025-09-03T11:15:51","slug":"realizaran-inspeccion-de-saneamiento-en-los-locales-de-la-feria","status":"publish","type":"post","link":"https:\/\/www.notijalapa.net\/noticias\/2025\/09\/03\/realizaran-inspeccion-de-saneamiento-en-los-locales-de-la-feria\/","title":{"rendered":"Realizar\u00e1n inspecci\u00f3n de saneamiento en los locales de la feria"},"content":{"rendered":"<p>El Centro de Salud de Jalapa a trav\u00e9s de la oficina de saneamiento ambiental y tambi\u00e9n a trav\u00e9s de la oficina de vectores, estar\u00e1n realizando algunas inspecciones previo y durante la feria septembrina, seg\u00fan lo dio a conocer el Dr. Carlos Duarte director del Centro de Salud.<\/p>\n<p><a href=\"https:\/\/www.notijalapa.net\/noticias\/2025\/09\/03\/deberan-implementar-una-norma-para-la-reduccion-de-desastres-en-la-feria-de-jalapa\/\">MIRA: Deber\u00e1n implementar una norma para la reducci\u00f3n de desastres en la feria de Jalapa<\/a><\/p>\n<p>Previo a que de inicio la feria, el personal de salud va a estar realizando capacitaciones a las personas por manipulaci\u00f3n de alimentos, de igual forma la inspecci\u00f3n que realizar\u00e1n ser\u00e1 a trav\u00e9s de la oficina y tambi\u00e9n la revisi\u00f3n de los alimentos, la cual deber\u00e1 ser supervisada si son adecuados para el consumo humano.<\/p>\n<p><iframe loading=\"lazy\" title=\"Realizar\u00e1n inspecci\u00f3n de saneamiento en los locales de la feria\" width=\"640\" height=\"360\" src=\"https:\/\/www.youtube.com\/embed\/MCtumsHJVTA?feature=oembed\" frameborder=\"0\" allow=\"accelerometer; autoplay; clipboard-write; encrypted-media; gyroscope; picture-in-picture; web-share\" referrerpolicy=\"strict-origin-when-cross-origin\" allowfullscreen><\/iframe><\/p>\n<p>De igual forma estar\u00e1n realizando algunas acciones que ellos saben que son prudentes para garantizar en alg\u00fan momento que, lo que consumen las personas sea de calidad, de igual forma a trav\u00e9s de vectores estar\u00e1n realizando las inspecciones para ver que los recipientes que tengan en el lugar no sean criaderos de zancudos.<\/p>\n<p style=\"text-align: center;\"><iframe loading=\"lazy\" style=\"border: none; overflow: hidden;\" src=\"https:\/\/www.facebook.com\/plugins\/post.php?href=https%3A%2F%2Fwww.facebook.com%2Fpermalink.php%3Fstory_fbid%3Dpfbid0AgxxAp7XxnEBohQyb3vVJZawuLLV97haXDh9JjCX4Z2e8m9Q9mkxPxZw73Aqhk54l%26id%3D100083158940816&amp;show_text=true&amp;width=500\" width=\"500\" height=\"774\" frameborder=\"0\" scrolling=\"no\" allowfullscreen=\"allowfullscreen\"><\/iframe><\/p>\n","protected":false},"excerpt":{"rendered":"<p>El Centro de Salud de Jalapa a trav\u00e9s de la oficina de saneamiento ambiental y tambi\u00e9n a trav\u00e9s de la oficina de vectores, estar\u00e1n realizando algunas inspecciones previo y durante la feria septembrina, seg\u00fan lo dio a conocer el Dr. Carlos Duarte director del Centro de Salud. MIRA: Deber\u00e1n implementar una norma para la reducci\u00f3n de desastres en la feria de Jalapa Previo a que de inicio la feria, el personal de salud va a estar realizando capacitaciones a las personas por manipulaci\u00f3n de alimentos, de igual forma la inspecci\u00f3n&hellip;<\/p>\n","protected":false},"author":2,"featured_media":26822,"comment_status":"open","ping_status":"open","sticky":false,"template":"","format":"standard","meta":{"footnotes":""},"categories":[3],"tags":[9953,9952],"class_list":["post-26827","post","type-post","status-publish","format-standard","has-post-thumbnail","hentry","category-locales","tag-en-los-locales-de-la-feria","tag-realizaran-inspeccion-de-saneamiento"],"gutentor_comment":0,"_links":{"self":[{"href":"https:\/\/www.notijalapa.net\/noticias\/wp-json\/wp\/v2\/posts\/26827","targetHints":{"allow":["GET"]}}],"collection":[{"href":"https:\/\/www.notijalapa.net\/noticias\/wp-json\/wp\/v2\/posts"}],"about":[{"href":"https:\/\/www.notijalapa.net\/noticias\/wp-json\/wp\/v2\/types\/post"}],"author":[{"embeddable":true,"href":"https:\/\/www.notijalapa.net\/noticias\/wp-json\/wp\/v2\/users\/2"}],"replies":[{"embeddable":true,"href":"https:\/\/www.notijalapa.net\/noticias\/wp-json\/wp\/v2\/comments?post=26827"}],"version-history":[{"count":2,"href":"https:\/\/www.notijalapa.net\/noticias\/wp-json\/wp\/v2\/posts\/26827\/revisions"}],"predecessor-version":[{"id":26839,"href":"https:\/\/www.notijalapa.net\/noticias\/wp-json\/wp\/v2\/posts\/26827\/revisions\/26839"}],"wp:featuredmedia":[{"embeddable":true,"href":"https:\/\/www.notijalapa.net\/noticias\/wp-json\/wp\/v2\/media\/26822"}],"wp:attachment":[{"href":"https:\/\/www.notijalapa.net\/noticias\/wp-json\/wp\/v2\/media?parent=26827"}],"wp:term":[{"taxonomy":"category","embeddable":true,"href":"https:\/\/www.notijalapa.net\/noticias\/wp-json\/wp\/v2\/categories?post=26827"},{"taxonomy":"post_tag","embeddable":true,"href":"https:\/\/www.notijalapa.net\/noticias\/wp-json\/wp\/v2\/tags?post=26827"}],"curies":[{"name":"wp","href":"https:\/\/api.w.org\/{rel}","templated":true}]}}