{"id":26825,"date":"2025-09-03T10:57:50","date_gmt":"2025-09-03T10:57:50","guid":{"rendered":"https:\/\/www.notijalapa.net\/noticias\/?p=26825"},"modified":"2025-09-03T11:16:51","modified_gmt":"2025-09-03T11:16:51","slug":"alumnos-compitieron-en-gimnasia-ritmica","status":"publish","type":"post","link":"https:\/\/www.notijalapa.net\/noticias\/2025\/09\/03\/alumnos-compitieron-en-gimnasia-ritmica\/","title":{"rendered":"Alumnos compitieron en gimnasia r\u00edtmica"},"content":{"rendered":"<p>Este martes estuvieron realizando el concurso de gimnasias r\u00edtmicas a nivel municipal y el d\u00eda 26 de septiembre tienen contemplado realizarlo a nivel departamental, en donde vienen tres gimnasias de cada municipio seg\u00fan lo indicado por Richard Portillo de la oficina de educaci\u00f3n f\u00edsica de la DIDEDUC.<\/p>\n<p><a href=\"https:\/\/www.notijalapa.net\/noticias\/2025\/09\/03\/continuan-entregando-la-refaccion-escolar-en-viveres\/\">MIRA:Contin\u00faan entregando la refacci\u00f3n escolar en v\u00edveres<\/a><\/p>\n<p>Desde ya hacen la cordial invitaci\u00f3n para que sumen a este tipo de actividades que ellos realizan en el mes patrio. Fueron aproximadamente diez centros educativos los que estuvieron participando este martes, tanto del sector p\u00fablico como privado.<\/p>\n<p><iframe loading=\"lazy\" title=\"Alumnos compitieron en gimnasia r\u00edtmica\" width=\"640\" height=\"360\" src=\"https:\/\/www.youtube.com\/embed\/rGy3EDVOlTo?feature=oembed\" frameborder=\"0\" allow=\"accelerometer; autoplay; clipboard-write; encrypted-media; gyroscope; picture-in-picture; web-share\" referrerpolicy=\"strict-origin-when-cross-origin\" allowfullscreen><\/iframe><\/p>\n<p>Todo este tipo de actividades lo realizan para que participen los alumnos de cada uno de los centros educativos y tambi\u00e9n para que la poblaci\u00f3n que se una y participe apoyando a los alumnos.<\/p>\n<p>En nivel medio<\/p>\n<p>El primer lugar fue para Liceo Jalapa, segundo lugar Colegio El Porvenir y tercer lugar Instituto Experimental.<\/p>\n<p>En primaria<\/p>\n<p>Primer lugar escuela n\u00famero 2, segundo lugar Liceo Jalapa y tercer lugar Colegio El Porvenir.<\/p>\n<p style=\"text-align: center;\"><iframe loading=\"lazy\" style=\"border: none; overflow: hidden;\" src=\"https:\/\/www.facebook.com\/plugins\/post.php?href=https%3A%2F%2Fwww.facebook.com%2Fpermalink.php%3Fstory_fbid%3Dpfbid0XdbkHedqSzUQrAZakVbVQbNqvxU6uoaa9hLDkEak7fzGRGkhGk15iuJ3Zt9PVTBdl%26id%3D100083158940816&amp;show_text=true&amp;width=500\" width=\"500\" height=\"755\" frameborder=\"0\" scrolling=\"no\" allowfullscreen=\"allowfullscreen\"><\/iframe><\/p>\n","protected":false},"excerpt":{"rendered":"<p>Este martes estuvieron realizando el concurso de gimnasias r\u00edtmicas a nivel municipal y el d\u00eda 26 de septiembre tienen contemplado realizarlo a nivel departamental, en donde vienen tres gimnasias de cada municipio seg\u00fan lo indicado por Richard Portillo de la oficina de educaci\u00f3n f\u00edsica de la DIDEDUC. MIRA:Contin\u00faan entregando la refacci\u00f3n escolar en v\u00edveres Desde ya hacen la cordial invitaci\u00f3n para que sumen a este tipo de actividades que ellos realizan en el mes patrio. Fueron aproximadamente diez centros educativos los que estuvieron participando este martes, tanto del sector p\u00fablico&hellip;<\/p>\n","protected":false},"author":2,"featured_media":26821,"comment_status":"open","ping_status":"open","sticky":false,"template":"","format":"standard","meta":{"footnotes":""},"categories":[3],"tags":[9950,9951],"class_list":["post-26825","post","type-post","status-publish","format-standard","has-post-thumbnail","hentry","category-locales","tag-alumnos-compitieron","tag-en-gimnasia-ritmica"],"gutentor_comment":0,"_links":{"self":[{"href":"https:\/\/www.notijalapa.net\/noticias\/wp-json\/wp\/v2\/posts\/26825","targetHints":{"allow":["GET"]}}],"collection":[{"href":"https:\/\/www.notijalapa.net\/noticias\/wp-json\/wp\/v2\/posts"}],"about":[{"href":"https:\/\/www.notijalapa.net\/noticias\/wp-json\/wp\/v2\/types\/post"}],"author":[{"embeddable":true,"href":"https:\/\/www.notijalapa.net\/noticias\/wp-json\/wp\/v2\/users\/2"}],"replies":[{"embeddable":true,"href":"https:\/\/www.notijalapa.net\/noticias\/wp-json\/wp\/v2\/comments?post=26825"}],"version-history":[{"count":2,"href":"https:\/\/www.notijalapa.net\/noticias\/wp-json\/wp\/v2\/posts\/26825\/revisions"}],"predecessor-version":[{"id":26840,"href":"https:\/\/www.notijalapa.net\/noticias\/wp-json\/wp\/v2\/posts\/26825\/revisions\/26840"}],"wp:featuredmedia":[{"embeddable":true,"href":"https:\/\/www.notijalapa.net\/noticias\/wp-json\/wp\/v2\/media\/26821"}],"wp:attachment":[{"href":"https:\/\/www.notijalapa.net\/noticias\/wp-json\/wp\/v2\/media?parent=26825"}],"wp:term":[{"taxonomy":"category","embeddable":true,"href":"https:\/\/www.notijalapa.net\/noticias\/wp-json\/wp\/v2\/categories?post=26825"},{"taxonomy":"post_tag","embeddable":true,"href":"https:\/\/www.notijalapa.net\/noticias\/wp-json\/wp\/v2\/tags?post=26825"}],"curies":[{"name":"wp","href":"https:\/\/api.w.org\/{rel}","templated":true}]}}