{"id":26807,"date":"2025-09-02T10:58:18","date_gmt":"2025-09-02T10:58:18","guid":{"rendered":"https:\/\/www.notijalapa.net\/noticias\/?p=26807"},"modified":"2025-09-02T11:13:25","modified_gmt":"2025-09-02T11:13:25","slug":"ocho-personas-terminaron-tras-las-rejas-el-pasado-fin-de-semana","status":"publish","type":"post","link":"https:\/\/www.notijalapa.net\/noticias\/2025\/09\/02\/ocho-personas-terminaron-tras-las-rejas-el-pasado-fin-de-semana\/","title":{"rendered":"Ocho personas terminaron tras las rejas el pasado fin de semana"},"content":{"rendered":"<p>Durante el pasado fin de semana la Polic\u00eda Nacional Civil continu\u00f3 con la operatividad d\u00e1ndole seguimiento a las \u00f3rdenes giradas por el director de dicha instituci\u00f3n de instalar operativos y realizar recorridos de seguridad ciudadana en las calles y avenidas de la ciudad de Jalapa.<\/p>\n<p><a href=\"https:\/\/www.notijalapa.net\/noticias\/2025\/09\/02\/se-pronostican-dias-lluviosos-para-esta-semana\/\">MIRA: Se pronostican d\u00edas lluviosos para esta semana<\/a><\/p>\n<p>Seg\u00fan Jos\u00e9 V\u00e1zquez de la oficina de comunicaci\u00f3n social de PNC, como resultado de esta operatividad durante el fin de semana ocho personas terminaron en prisi\u00f3n por cometer diferentes delitos o faltas, un menor fue remitido al Juzgado de Paz, dos veh\u00edculos y seis motocicletas fueron consignados y trasladados al predio respectivo.<\/p>\n<p><iframe loading=\"lazy\" title=\"Ocho personas terminaron tras las rejas el pasado fin de semana\" width=\"640\" height=\"360\" src=\"https:\/\/www.youtube.com\/embed\/AQXdjAZIZ5k?feature=oembed\" frameborder=\"0\" allow=\"accelerometer; autoplay; clipboard-write; encrypted-media; gyroscope; picture-in-picture; web-share\" referrerpolicy=\"strict-origin-when-cross-origin\" allowfullscreen><\/iframe><\/p>\n<p>Entre las capturas realizadas resalta, la del se\u00f1or Hermilio Rom\u00e1n L\u00f3pez; de 34 a\u00f1os, quien fue detenido en el caser\u00edo El Pinalito, aldea Hierba Buena, Santa Mar\u00eda Xalapan, Jalapa, esto por las denuncias realizadas por los vecinos, ya que la persona antes mencionaba portaba un arma de fuego en mano, dos cargadores y 20 municiones \u00fatiles, al momento de identificarlo present\u00f3 su licencia de portaci\u00f3n de arma de fuego vigente, pero el hoy detenido se encontraba bajo efectos de licor.<\/p>\n<p>Por tal motivo fue trasladado al juzgado correspondiente para que solvente su situaci\u00f3n jur\u00eddica. Cabe mencionar que, en lo que va del a\u00f1o 2025 se han capturado cuatro personas por este mismo delito y 84 armas de fuego han sido incautadas.<\/p>\n<p style=\"text-align: center;\"><iframe loading=\"lazy\" style=\"border: none; overflow: hidden;\" src=\"https:\/\/www.facebook.com\/plugins\/post.php?href=https%3A%2F%2Fwww.facebook.com%2Fpermalink.php%3Fstory_fbid%3Dpfbid0qaGAAQE4CqkmUUW6v7dTuQJMzVqrh7bqKCPRfa27LQhj8YQ8UYQtxn3opCF8GakKl%26id%3D100083158940816&amp;show_text=true&amp;width=500\" width=\"500\" height=\"774\" frameborder=\"0\" scrolling=\"no\" allowfullscreen=\"allowfullscreen\"><\/iframe><\/p>\n","protected":false},"excerpt":{"rendered":"<p>Durante el pasado fin de semana la Polic\u00eda Nacional Civil continu\u00f3 con la operatividad d\u00e1ndole seguimiento a las \u00f3rdenes giradas por el director de dicha instituci\u00f3n de instalar operativos y realizar recorridos de seguridad ciudadana en las calles y avenidas de la ciudad de Jalapa. MIRA: Se pronostican d\u00edas lluviosos para esta semana Seg\u00fan Jos\u00e9 V\u00e1zquez de la oficina de comunicaci\u00f3n social de PNC, como resultado de esta operatividad durante el fin de semana ocho personas terminaron en prisi\u00f3n por cometer diferentes delitos o faltas, un menor fue remitido al&hellip;<\/p>\n","protected":false},"author":2,"featured_media":26798,"comment_status":"open","ping_status":"open","sticky":false,"template":"","format":"standard","meta":{"footnotes":""},"categories":[3],"tags":[9945,9944],"class_list":["post-26807","post","type-post","status-publish","format-standard","has-post-thumbnail","hentry","category-locales","tag-las-rejas-el-pasado-fin-de-semana","tag-ocho-personas-terminaron-tras"],"gutentor_comment":0,"_links":{"self":[{"href":"https:\/\/www.notijalapa.net\/noticias\/wp-json\/wp\/v2\/posts\/26807","targetHints":{"allow":["GET"]}}],"collection":[{"href":"https:\/\/www.notijalapa.net\/noticias\/wp-json\/wp\/v2\/posts"}],"about":[{"href":"https:\/\/www.notijalapa.net\/noticias\/wp-json\/wp\/v2\/types\/post"}],"author":[{"embeddable":true,"href":"https:\/\/www.notijalapa.net\/noticias\/wp-json\/wp\/v2\/users\/2"}],"replies":[{"embeddable":true,"href":"https:\/\/www.notijalapa.net\/noticias\/wp-json\/wp\/v2\/comments?post=26807"}],"version-history":[{"count":2,"href":"https:\/\/www.notijalapa.net\/noticias\/wp-json\/wp\/v2\/posts\/26807\/revisions"}],"predecessor-version":[{"id":26813,"href":"https:\/\/www.notijalapa.net\/noticias\/wp-json\/wp\/v2\/posts\/26807\/revisions\/26813"}],"wp:featuredmedia":[{"embeddable":true,"href":"https:\/\/www.notijalapa.net\/noticias\/wp-json\/wp\/v2\/media\/26798"}],"wp:attachment":[{"href":"https:\/\/www.notijalapa.net\/noticias\/wp-json\/wp\/v2\/media?parent=26807"}],"wp:term":[{"taxonomy":"category","embeddable":true,"href":"https:\/\/www.notijalapa.net\/noticias\/wp-json\/wp\/v2\/categories?post=26807"},{"taxonomy":"post_tag","embeddable":true,"href":"https:\/\/www.notijalapa.net\/noticias\/wp-json\/wp\/v2\/tags?post=26807"}],"curies":[{"name":"wp","href":"https:\/\/api.w.org\/{rel}","templated":true}]}}