{"id":26772,"date":"2025-08-30T13:03:00","date_gmt":"2025-08-30T13:03:00","guid":{"rendered":"https:\/\/www.notijalapa.net\/noticias\/?p=26772"},"modified":"2025-08-30T13:27:26","modified_gmt":"2025-08-30T13:27:26","slug":"tendran-que-hacer-la-carrera-nocturna-dia-entre-semana","status":"publish","type":"post","link":"https:\/\/www.notijalapa.net\/noticias\/2025\/08\/30\/tendran-que-hacer-la-carrera-nocturna-dia-entre-semana\/","title":{"rendered":"Tendr\u00e1n que hacer la carrera nocturna d\u00eda entre semana"},"content":{"rendered":"<p>La carrera se realizar\u00e1 d\u00eda entre semana, debido que en las actividades de la feria los fines de semana hay otras actividades muy atractivas como conciertos, rodeos, entre otras, seg\u00fan lo dio a conocer Fernando Ju\u00e1rez de la Asociaci\u00f3n Soy T21.<\/p>\n<p><a href=\"https:\/\/www.notijalapa.net\/noticias\/2025\/08\/30\/construyen-la-bodega-para-la-aff\/\">MIRA: Construyen la bodega para la AFF<\/a><\/p>\n<p>Los primeros d\u00edas de la feria se tiene el desfile h\u00edpico, entonces no da lugar a realizar esta carrera nocturna un fin de semana, pero considera que, la gente apoyar\u00e1 y se tendr\u00e1 que acomodar al d\u00eda que se realizar\u00e1 la carrera, porque recordemos que, lo recaudado es para los Bomberos Voluntarios.<\/p>\n<p><iframe loading=\"lazy\" title=\"Tendr\u00e1n que hacer la carrera nocturna d\u00eda entre semana\" width=\"640\" height=\"360\" src=\"https:\/\/www.youtube.com\/embed\/2ZAEwU95Jj8?feature=oembed\" frameborder=\"0\" allow=\"accelerometer; autoplay; clipboard-write; encrypted-media; gyroscope; picture-in-picture; web-share\" referrerpolicy=\"strict-origin-when-cross-origin\" allowfullscreen><\/iframe><\/p>\n<p>Cuantas veces lamentablemente hemos tenido necesidad de los Bomberos Voluntarios y ahora ellos necesitan de la poblaci\u00f3n, ellos necesitan de recursos para seguir salvando vidas, recordemos que hay personas que pueden apoyar comprando su kit que vale Q100.00 y aunque no corran, pueden adquirirlo con cualquier miembro de la asociaci\u00f3n Soy T21 o con los del comit\u00e9 de feria.<\/p>\n<p style=\"text-align: center;\"><iframe loading=\"lazy\" style=\"border: none; overflow: hidden;\" src=\"https:\/\/www.facebook.com\/plugins\/post.php?href=https%3A%2F%2Fwww.facebook.com%2Fpermalink.php%3Fstory_fbid%3Dpfbid0dLcYPm3E9ADVWd3UaQs8UZgxyRApSaDwU1jRLdBHYpCasovGKALU1xXGy58tWpSml%26id%3D100083158940816&amp;show_text=true&amp;width=500\" width=\"500\" height=\"755\" frameborder=\"0\" scrolling=\"no\" allowfullscreen=\"allowfullscreen\"><\/iframe><\/p>\n","protected":false},"excerpt":{"rendered":"<p>La carrera se realizar\u00e1 d\u00eda entre semana, debido que en las actividades de la feria los fines de semana hay otras actividades muy atractivas como conciertos, rodeos, entre otras, seg\u00fan lo dio a conocer Fernando Ju\u00e1rez de la Asociaci\u00f3n Soy T21. MIRA: Construyen la bodega para la AFF Los primeros d\u00edas de la feria se tiene el desfile h\u00edpico, entonces no da lugar a realizar esta carrera nocturna un fin de semana, pero considera que, la gente apoyar\u00e1 y se tendr\u00e1 que acomodar al d\u00eda que se realizar\u00e1 la carrera,&hellip;<\/p>\n","protected":false},"author":2,"featured_media":26773,"comment_status":"open","ping_status":"open","sticky":false,"template":"","format":"standard","meta":{"footnotes":""},"categories":[3],"tags":[9925,9924],"class_list":["post-26772","post","type-post","status-publish","format-standard","has-post-thumbnail","hentry","category-locales","tag-nocturna-dia-entre-semana","tag-tendran-que-hacer-la-carrera"],"gutentor_comment":0,"_links":{"self":[{"href":"https:\/\/www.notijalapa.net\/noticias\/wp-json\/wp\/v2\/posts\/26772","targetHints":{"allow":["GET"]}}],"collection":[{"href":"https:\/\/www.notijalapa.net\/noticias\/wp-json\/wp\/v2\/posts"}],"about":[{"href":"https:\/\/www.notijalapa.net\/noticias\/wp-json\/wp\/v2\/types\/post"}],"author":[{"embeddable":true,"href":"https:\/\/www.notijalapa.net\/noticias\/wp-json\/wp\/v2\/users\/2"}],"replies":[{"embeddable":true,"href":"https:\/\/www.notijalapa.net\/noticias\/wp-json\/wp\/v2\/comments?post=26772"}],"version-history":[{"count":2,"href":"https:\/\/www.notijalapa.net\/noticias\/wp-json\/wp\/v2\/posts\/26772\/revisions"}],"predecessor-version":[{"id":26794,"href":"https:\/\/www.notijalapa.net\/noticias\/wp-json\/wp\/v2\/posts\/26772\/revisions\/26794"}],"wp:featuredmedia":[{"embeddable":true,"href":"https:\/\/www.notijalapa.net\/noticias\/wp-json\/wp\/v2\/media\/26773"}],"wp:attachment":[{"href":"https:\/\/www.notijalapa.net\/noticias\/wp-json\/wp\/v2\/media?parent=26772"}],"wp:term":[{"taxonomy":"category","embeddable":true,"href":"https:\/\/www.notijalapa.net\/noticias\/wp-json\/wp\/v2\/categories?post=26772"},{"taxonomy":"post_tag","embeddable":true,"href":"https:\/\/www.notijalapa.net\/noticias\/wp-json\/wp\/v2\/tags?post=26772"}],"curies":[{"name":"wp","href":"https:\/\/api.w.org\/{rel}","templated":true}]}}