{"id":26739,"date":"2025-08-28T10:58:14","date_gmt":"2025-08-28T10:58:14","guid":{"rendered":"https:\/\/www.notijalapa.net\/noticias\/?p=26739"},"modified":"2025-08-28T11:14:24","modified_gmt":"2025-08-28T11:14:24","slug":"fueron-14-empresas-las-que-ofrecieron-empleos-en-la-feria-de-jalapa","status":"publish","type":"post","link":"https:\/\/www.notijalapa.net\/noticias\/2025\/08\/28\/fueron-14-empresas-las-que-ofrecieron-empleos-en-la-feria-de-jalapa\/","title":{"rendered":"Fueron 14 empresas las que ofrecieron empleos en la feria de Jalapa"},"content":{"rendered":"<p>Este mi\u00e9rcoles se realiz\u00f3 la segunda feria de empleo en Jalapa, la cual tuvo lugar en el Instituto Normal Centro Americano para Varones (INCAV), seg\u00fan lo dio a conocer Emerson Barrera gestor de empleo del Ministerio de Trabajo y Previsi\u00f3n Social.<\/p>\n<p><a href=\"https:\/\/www.notijalapa.net\/noticias\/2025\/08\/28\/continuan-los-asaltos-en-las-carreteras\/\">MIRA: Contin\u00faan los asaltos en las carreteras<\/a><\/p>\n<p>Tuvieron varias empresas que estuvieron ofreciendo empleos a muchos jalapanecos, estuvieron desde las 8:00 a 14:00 horas. Vieron mucha afluencia de j\u00f3venes y personas interesadas en optar a un empleo digno.<\/p>\n<p><iframe loading=\"lazy\" title=\"Fueron 14 empresas las que ofrecieron empleos en la feria de Jalapa\" width=\"640\" height=\"360\" src=\"https:\/\/www.youtube.com\/embed\/gryhj_nqcSQ?feature=oembed\" frameborder=\"0\" allow=\"accelerometer; autoplay; clipboard-write; encrypted-media; gyroscope; picture-in-picture; web-share\" referrerpolicy=\"strict-origin-when-cross-origin\" allowfullscreen><\/iframe><\/p>\n<p>Agradecen tambi\u00e9n a las empresas que estuvieron colocando sus kioscos de empleo en el INCAV, recibiendo la papeler\u00eda de cada uno de los postulantes, para luego evaluarlos y optar por la mejor persona para el puesto que tienen vacante.<\/p>\n<p>Fueron aproximadamente 14 empresas las que estuvieron ofreciendo empleo este mi\u00e9rcoles y agradecen a las personas que tambi\u00e9n los apoyaron para realizar este evento.<\/p>\n<p style=\"text-align: center;\"><iframe loading=\"lazy\" style=\"border: none; overflow: hidden;\" src=\"https:\/\/www.facebook.com\/plugins\/post.php?href=https%3A%2F%2Fwww.facebook.com%2Fpermalink.php%3Fstory_fbid%3Dpfbid02P4oGxcL69T7zSWQfnBLo8pGZBMdPSCdqwYypT3U8jo8xpY84Bxer95HqvqAvYbbwl%26id%3D100083158940816&amp;show_text=true&amp;width=500\" width=\"500\" height=\"506\" frameborder=\"0\" scrolling=\"no\" allowfullscreen=\"allowfullscreen\"><\/iframe><\/p>\n","protected":false},"excerpt":{"rendered":"<p>Este mi\u00e9rcoles se realiz\u00f3 la segunda feria de empleo en Jalapa, la cual tuvo lugar en el Instituto Normal Centro Americano para Varones (INCAV), seg\u00fan lo dio a conocer Emerson Barrera gestor de empleo del Ministerio de Trabajo y Previsi\u00f3n Social. MIRA: Contin\u00faan los asaltos en las carreteras Tuvieron varias empresas que estuvieron ofreciendo empleos a muchos jalapanecos, estuvieron desde las 8:00 a 14:00 horas. Vieron mucha afluencia de j\u00f3venes y personas interesadas en optar a un empleo digno. Agradecen tambi\u00e9n a las empresas que estuvieron colocando sus kioscos de&hellip;<\/p>\n","protected":false},"author":2,"featured_media":26731,"comment_status":"open","ping_status":"open","sticky":false,"template":"","format":"standard","meta":{"footnotes":""},"categories":[3],"tags":[9910,9909],"class_list":["post-26739","post","type-post","status-publish","format-standard","has-post-thumbnail","hentry","category-locales","tag-empleos-en-la-feria-de-jalapa","tag-fueron-14-empresas-las-que-ofrecieron"],"gutentor_comment":0,"_links":{"self":[{"href":"https:\/\/www.notijalapa.net\/noticias\/wp-json\/wp\/v2\/posts\/26739","targetHints":{"allow":["GET"]}}],"collection":[{"href":"https:\/\/www.notijalapa.net\/noticias\/wp-json\/wp\/v2\/posts"}],"about":[{"href":"https:\/\/www.notijalapa.net\/noticias\/wp-json\/wp\/v2\/types\/post"}],"author":[{"embeddable":true,"href":"https:\/\/www.notijalapa.net\/noticias\/wp-json\/wp\/v2\/users\/2"}],"replies":[{"embeddable":true,"href":"https:\/\/www.notijalapa.net\/noticias\/wp-json\/wp\/v2\/comments?post=26739"}],"version-history":[{"count":2,"href":"https:\/\/www.notijalapa.net\/noticias\/wp-json\/wp\/v2\/posts\/26739\/revisions"}],"predecessor-version":[{"id":26745,"href":"https:\/\/www.notijalapa.net\/noticias\/wp-json\/wp\/v2\/posts\/26739\/revisions\/26745"}],"wp:featuredmedia":[{"embeddable":true,"href":"https:\/\/www.notijalapa.net\/noticias\/wp-json\/wp\/v2\/media\/26731"}],"wp:attachment":[{"href":"https:\/\/www.notijalapa.net\/noticias\/wp-json\/wp\/v2\/media?parent=26739"}],"wp:term":[{"taxonomy":"category","embeddable":true,"href":"https:\/\/www.notijalapa.net\/noticias\/wp-json\/wp\/v2\/categories?post=26739"},{"taxonomy":"post_tag","embeddable":true,"href":"https:\/\/www.notijalapa.net\/noticias\/wp-json\/wp\/v2\/tags?post=26739"}],"curies":[{"name":"wp","href":"https:\/\/api.w.org\/{rel}","templated":true}]}}