{"id":26687,"date":"2025-08-26T10:58:43","date_gmt":"2025-08-26T10:58:43","guid":{"rendered":"https:\/\/www.notijalapa.net\/noticias\/?p=26687"},"modified":"2025-08-26T11:19:27","modified_gmt":"2025-08-26T11:19:27","slug":"tendremos-dias-con-presencia-de-lluvia","status":"publish","type":"post","link":"https:\/\/www.notijalapa.net\/noticias\/2025\/08\/26\/tendremos-dias-con-presencia-de-lluvia\/","title":{"rendered":"Tendremos d\u00edas con presencia de lluvia"},"content":{"rendered":"<p>Para esta semana los pron\u00f3sticos del clima son varios, desde el d\u00eda lunes 25 se tiene un sistema de alta presi\u00f3n y probablemente para el d\u00eda mi\u00e9rcoles va a ir disminuyendo, seg\u00fan lo manifest\u00f3 el Ing. Cristian Estrada delegado de la CONRED.<\/p>\n<p><a href=\"https:\/\/www.notijalapa.net\/noticias\/2025\/08\/26\/el-fin-de-semana-fueron-capturadas-nueve-personas\/\">MIRA: El fin de semana fueron capturadas nueve personas<\/a><\/p>\n<p>Tambi\u00e9n se tiene el paso de la honda 25, eso quiere decir que van haber lluvias en el transcurso de la tarde en gran parte del pa\u00eds, por lo que Jalapa ser\u00e1 uno de los departamentos que va a tener lluvias en horas de la tarde y madrugada.<\/p>\n<p><iframe loading=\"lazy\" title=\"Tendremos d\u00edas con presencia de lluvia\" width=\"640\" height=\"360\" src=\"https:\/\/www.youtube.com\/embed\/ZR9v970Z0AU?feature=oembed\" frameborder=\"0\" allow=\"accelerometer; autoplay; clipboard-write; encrypted-media; gyroscope; picture-in-picture; web-share\" referrerpolicy=\"strict-origin-when-cross-origin\" allowfullscreen><\/iframe><\/p>\n<p>Para el d\u00eda jueves se tendr\u00e1 el acercamiento de un cicl\u00f3n tropical, por lo que se prev\u00e9n lluvias de car\u00e1cter intermitentes de leves a moderadas, este acercamiento que todav\u00eda se est\u00e1 dando an\u00e1lisis y seguimiento por parte del insivumeh.<\/p>\n<p style=\"text-align: center;\"><iframe loading=\"lazy\" style=\"border: none; overflow: hidden;\" src=\"https:\/\/www.facebook.com\/plugins\/post.php?href=https%3A%2F%2Fwww.facebook.com%2Fpermalink.php%3Fstory_fbid%3Dpfbid031P2LrnsM1GGyCGK3rUwSAvfH6jjBuAJ6M3ZkrVzJo3d5KJELcLs2PRbjA6eZHao9l%26id%3D100083158940816&amp;show_text=true&amp;width=500\" width=\"500\" height=\"487\" frameborder=\"0\" scrolling=\"no\" allowfullscreen=\"allowfullscreen\"><\/iframe><\/p>\n","protected":false},"excerpt":{"rendered":"<p>Para esta semana los pron\u00f3sticos del clima son varios, desde el d\u00eda lunes 25 se tiene un sistema de alta presi\u00f3n y probablemente para el d\u00eda mi\u00e9rcoles va a ir disminuyendo, seg\u00fan lo manifest\u00f3 el Ing. Cristian Estrada delegado de la CONRED. MIRA: El fin de semana fueron capturadas nueve personas Tambi\u00e9n se tiene el paso de la honda 25, eso quiere decir que van haber lluvias en el transcurso de la tarde en gran parte del pa\u00eds, por lo que Jalapa ser\u00e1 uno de los departamentos que va a&hellip;<\/p>\n","protected":false},"author":2,"featured_media":26679,"comment_status":"open","ping_status":"open","sticky":false,"template":"","format":"standard","meta":{"footnotes":""},"categories":[3],"tags":[9886,9885],"class_list":["post-26687","post","type-post","status-publish","format-standard","has-post-thumbnail","hentry","category-locales","tag-presencia-de-lluvia","tag-tendremos-dias-con"],"gutentor_comment":0,"_links":{"self":[{"href":"https:\/\/www.notijalapa.net\/noticias\/wp-json\/wp\/v2\/posts\/26687","targetHints":{"allow":["GET"]}}],"collection":[{"href":"https:\/\/www.notijalapa.net\/noticias\/wp-json\/wp\/v2\/posts"}],"about":[{"href":"https:\/\/www.notijalapa.net\/noticias\/wp-json\/wp\/v2\/types\/post"}],"author":[{"embeddable":true,"href":"https:\/\/www.notijalapa.net\/noticias\/wp-json\/wp\/v2\/users\/2"}],"replies":[{"embeddable":true,"href":"https:\/\/www.notijalapa.net\/noticias\/wp-json\/wp\/v2\/comments?post=26687"}],"version-history":[{"count":2,"href":"https:\/\/www.notijalapa.net\/noticias\/wp-json\/wp\/v2\/posts\/26687\/revisions"}],"predecessor-version":[{"id":26696,"href":"https:\/\/www.notijalapa.net\/noticias\/wp-json\/wp\/v2\/posts\/26687\/revisions\/26696"}],"wp:featuredmedia":[{"embeddable":true,"href":"https:\/\/www.notijalapa.net\/noticias\/wp-json\/wp\/v2\/media\/26679"}],"wp:attachment":[{"href":"https:\/\/www.notijalapa.net\/noticias\/wp-json\/wp\/v2\/media?parent=26687"}],"wp:term":[{"taxonomy":"category","embeddable":true,"href":"https:\/\/www.notijalapa.net\/noticias\/wp-json\/wp\/v2\/categories?post=26687"},{"taxonomy":"post_tag","embeddable":true,"href":"https:\/\/www.notijalapa.net\/noticias\/wp-json\/wp\/v2\/tags?post=26687"}],"curies":[{"name":"wp","href":"https:\/\/api.w.org\/{rel}","templated":true}]}}