{"id":26647,"date":"2025-08-22T10:59:34","date_gmt":"2025-08-22T10:59:34","guid":{"rendered":"https:\/\/www.notijalapa.net\/noticias\/?p=26647"},"modified":"2025-08-22T10:59:34","modified_gmt":"2025-08-22T10:59:34","slug":"se-realizaron-los-juegos-infantiles","status":"publish","type":"post","link":"https:\/\/www.notijalapa.net\/noticias\/2025\/08\/22\/se-realizaron-los-juegos-infantiles\/","title":{"rendered":"Se realizaron los juegos infantiles"},"content":{"rendered":"<p>La semana pasada estuvieron en el municipio de San Pedro Pinula realizando los juegos finales departamentales de la categor\u00eda infantil, seg\u00fan lo dio a conocer Edwin Recinos T\u00e9cnico de Educaci\u00f3n F\u00edsica del Ministerio de Educaci\u00f3n.<\/p>\n<p>Tuvieron una participaci\u00f3n de los ni\u00f1os muy efectiva de los municipios en deporte de conjunto, tanto en Voleibol, Basquetbol, futsal y futbol siete, porque vieron el entusiasmo que le pon\u00edan en los diferentes deportes.<\/p>\n<p>En futbol siete el campe\u00f3n en ambas ramas fue la escuela Hugo Manfredo Loy de Mataquescuintla, en Futsal en categor\u00eda masculina la Escuela de Los Pitos de San Pedro Pinula y en categor\u00eda femenina la Escuela de San Luis Jilotepeque, en Basquetbol escuela Discovery en ambas ramas, en Voleibol Colonia Linda Vista en ambas ramas y en Balonmano la escuela Oficial Urbana Mixta de San Pedro Pinula en ambas ramas.<\/p>\n<p>Estos ni\u00f1os clasifican a juegos nacionales y regionales que se realizar\u00e1n el pr\u00f3ximo a\u00f1o y los campeones van a juegos centroamericanos. Ahora a nivel departamental siguen en la eliminatoria departamental juvenil que se realizar\u00e1 la \u00faltima semana de septiembre en el municipio de Mataquescuintla.<\/p>\n","protected":false},"excerpt":{"rendered":"<p>La semana pasada estuvieron en el municipio de San Pedro Pinula realizando los juegos finales departamentales de la categor\u00eda infantil, seg\u00fan lo dio a conocer Edwin Recinos T\u00e9cnico de Educaci\u00f3n F\u00edsica del Ministerio de Educaci\u00f3n. Tuvieron una participaci\u00f3n de los ni\u00f1os muy efectiva de los municipios en deporte de conjunto, tanto en Voleibol, Basquetbol, futsal y futbol siete, porque vieron el entusiasmo que le pon\u00edan en los diferentes deportes. En futbol siete el campe\u00f3n en ambas ramas fue la escuela Hugo Manfredo Loy de Mataquescuintla, en Futsal en categor\u00eda masculina&hellip;<\/p>\n","protected":false},"author":2,"featured_media":26639,"comment_status":"open","ping_status":"open","sticky":false,"template":"","format":"standard","meta":{"footnotes":""},"categories":[3],"tags":[9866,9865],"class_list":["post-26647","post","type-post","status-publish","format-standard","has-post-thumbnail","hentry","category-locales","tag-juegos-infantiles","tag-se-realizaron-los"],"gutentor_comment":0,"_links":{"self":[{"href":"https:\/\/www.notijalapa.net\/noticias\/wp-json\/wp\/v2\/posts\/26647","targetHints":{"allow":["GET"]}}],"collection":[{"href":"https:\/\/www.notijalapa.net\/noticias\/wp-json\/wp\/v2\/posts"}],"about":[{"href":"https:\/\/www.notijalapa.net\/noticias\/wp-json\/wp\/v2\/types\/post"}],"author":[{"embeddable":true,"href":"https:\/\/www.notijalapa.net\/noticias\/wp-json\/wp\/v2\/users\/2"}],"replies":[{"embeddable":true,"href":"https:\/\/www.notijalapa.net\/noticias\/wp-json\/wp\/v2\/comments?post=26647"}],"version-history":[{"count":1,"href":"https:\/\/www.notijalapa.net\/noticias\/wp-json\/wp\/v2\/posts\/26647\/revisions"}],"predecessor-version":[{"id":26648,"href":"https:\/\/www.notijalapa.net\/noticias\/wp-json\/wp\/v2\/posts\/26647\/revisions\/26648"}],"wp:featuredmedia":[{"embeddable":true,"href":"https:\/\/www.notijalapa.net\/noticias\/wp-json\/wp\/v2\/media\/26639"}],"wp:attachment":[{"href":"https:\/\/www.notijalapa.net\/noticias\/wp-json\/wp\/v2\/media?parent=26647"}],"wp:term":[{"taxonomy":"category","embeddable":true,"href":"https:\/\/www.notijalapa.net\/noticias\/wp-json\/wp\/v2\/categories?post=26647"},{"taxonomy":"post_tag","embeddable":true,"href":"https:\/\/www.notijalapa.net\/noticias\/wp-json\/wp\/v2\/tags?post=26647"}],"curies":[{"name":"wp","href":"https:\/\/api.w.org\/{rel}","templated":true}]}}