{"id":26581,"date":"2025-08-19T11:08:16","date_gmt":"2025-08-19T11:08:16","guid":{"rendered":"https:\/\/www.notijalapa.net\/noticias\/?p=26581"},"modified":"2025-08-19T11:09:16","modified_gmt":"2025-08-19T11:09:16","slug":"capturado-por-atacar-con-arma-blanca-a-un-hombre","status":"publish","type":"post","link":"https:\/\/www.notijalapa.net\/noticias\/2025\/08\/19\/capturado-por-atacar-con-arma-blanca-a-un-hombre\/","title":{"rendered":"Capturado por atacar con arma blanca a un hombre"},"content":{"rendered":"<p>En la zona 1 barrio la Libertad Monjas, Jalapa, cuando agentes de la Polic\u00eda Nacional Civil realizaron la detenci\u00f3n del se\u00f1or Marvin Alexander Arias Garc\u00eda; de 25 a\u00f1os.<\/p>\n<p>Seg\u00fan Eswin G\u00f3mez de la oficina de comunicaron social de PNC, la persona antes mencionada fue sorprendida cuando agred\u00eda a un hombre de 35 a\u00f1os con un arma blanca ocasion\u00e1ndole heridas en distintas partes del cuerpo, se le incaut\u00f3 el arma y fue embalado por los fiscales del MP para las investigaciones correspondientes y fue puesto a disposici\u00f3n de los tribunales para que solvente su situaci\u00f3n jur\u00eddica.<\/p>\n<p>En la base de datos se estableci\u00f3 que, Arias fue detenido el 11 de noviembre del a\u00f1o 2024 en aldea San Antonio, Monjas, Jalapa, esto por conducir una motocicleta con reporte de haber sido robada.<\/p>\n","protected":false},"excerpt":{"rendered":"<p>En la zona 1 barrio la Libertad Monjas, Jalapa, cuando agentes de la Polic\u00eda Nacional Civil realizaron la detenci\u00f3n del se\u00f1or Marvin Alexander Arias Garc\u00eda; de 25 a\u00f1os. Seg\u00fan Eswin G\u00f3mez de la oficina de comunicaron social de PNC, la persona antes mencionada fue sorprendida cuando agred\u00eda a un hombre de 35 a\u00f1os con un arma blanca ocasion\u00e1ndole heridas en distintas partes del cuerpo, se le incaut\u00f3 el arma y fue embalado por los fiscales del MP para las investigaciones correspondientes y fue puesto a disposici\u00f3n de los tribunales para&hellip;<\/p>\n","protected":false},"author":2,"featured_media":26573,"comment_status":"open","ping_status":"open","sticky":false,"template":"","format":"standard","meta":{"footnotes":""},"categories":[3],"tags":[9830,9829],"class_list":["post-26581","post","type-post","status-publish","format-standard","has-post-thumbnail","hentry","category-locales","tag-arma-blanca-a-un-hombre","tag-capturado-por-atacar-con"],"gutentor_comment":0,"_links":{"self":[{"href":"https:\/\/www.notijalapa.net\/noticias\/wp-json\/wp\/v2\/posts\/26581","targetHints":{"allow":["GET"]}}],"collection":[{"href":"https:\/\/www.notijalapa.net\/noticias\/wp-json\/wp\/v2\/posts"}],"about":[{"href":"https:\/\/www.notijalapa.net\/noticias\/wp-json\/wp\/v2\/types\/post"}],"author":[{"embeddable":true,"href":"https:\/\/www.notijalapa.net\/noticias\/wp-json\/wp\/v2\/users\/2"}],"replies":[{"embeddable":true,"href":"https:\/\/www.notijalapa.net\/noticias\/wp-json\/wp\/v2\/comments?post=26581"}],"version-history":[{"count":1,"href":"https:\/\/www.notijalapa.net\/noticias\/wp-json\/wp\/v2\/posts\/26581\/revisions"}],"predecessor-version":[{"id":26582,"href":"https:\/\/www.notijalapa.net\/noticias\/wp-json\/wp\/v2\/posts\/26581\/revisions\/26582"}],"wp:featuredmedia":[{"embeddable":true,"href":"https:\/\/www.notijalapa.net\/noticias\/wp-json\/wp\/v2\/media\/26573"}],"wp:attachment":[{"href":"https:\/\/www.notijalapa.net\/noticias\/wp-json\/wp\/v2\/media?parent=26581"}],"wp:term":[{"taxonomy":"category","embeddable":true,"href":"https:\/\/www.notijalapa.net\/noticias\/wp-json\/wp\/v2\/categories?post=26581"},{"taxonomy":"post_tag","embeddable":true,"href":"https:\/\/www.notijalapa.net\/noticias\/wp-json\/wp\/v2\/tags?post=26581"}],"curies":[{"name":"wp","href":"https:\/\/api.w.org\/{rel}","templated":true}]}}