{"id":26511,"date":"2025-08-14T10:59:14","date_gmt":"2025-08-14T10:59:14","guid":{"rendered":"https:\/\/www.notijalapa.net\/noticias\/?p=26511"},"modified":"2025-08-14T11:13:18","modified_gmt":"2025-08-14T11:13:18","slug":"vehiculos-pesados-podrian-ser-sancionados-si-no-llevan-tapada-la-carga","status":"publish","type":"post","link":"https:\/\/www.notijalapa.net\/noticias\/2025\/08\/14\/vehiculos-pesados-podrian-ser-sancionados-si-no-llevan-tapada-la-carga\/","title":{"rendered":"Veh\u00edculos pesados podr\u00edan ser sancionados si no llevan tapada la carga"},"content":{"rendered":"<p>A muchas personas les causa el malestar que los veh\u00edculos de transporte pesado que llevan arena o piedr\u00edn dejan material tirado en las calles y carreteras, lo cual provoca da\u00f1os en los veh\u00edculos de terceras personas.<\/p>\n<p><a href=\"https:\/\/www.notijalapa.net\/noticias\/2025\/08\/14\/ceder-el-paso-a-las-ambulancias-no-por-ser-sancionados-sino-por-salvar-una-vida\/\">MIRA: Ceder el paso a las ambulancias, no por ser sancionados sino por salvar una vida<\/a><\/p>\n<p>Seg\u00fan Myron Gonz\u00e1lez director de la Polic\u00eda Municipal de Tr\u00e1nsito, ellos han estado reteniendo a los pilotos de los veh\u00edculos de transporte pesado que llevaba material que con el aire sale volando y esto afecta la visibilidad de cualquier piloto que vaya detr\u00e1s de este veh\u00edculo.<\/p>\n<p><iframe loading=\"lazy\" title=\"Veh\u00edculos pesados podr\u00edan ser sancionados si no llevan tapada la carga\" width=\"640\" height=\"360\" src=\"https:\/\/www.youtube.com\/embed\/ZXU9TaQd3a4?feature=oembed\" frameborder=\"0\" allow=\"accelerometer; autoplay; clipboard-write; encrypted-media; gyroscope; picture-in-picture; web-share\" referrerpolicy=\"strict-origin-when-cross-origin\" allowfullscreen><\/iframe><\/p>\n<p>Ya le han enviado notificaciones a la mayor parte de empresas y transportistas, que no pueden circular con carga destapada, a la hora de no hacer caso, la sanci\u00f3n es clara y los agentes proceden a colocar la multa de Q500.00.<\/p>\n<p style=\"text-align: center;\"><iframe loading=\"lazy\" style=\"border: none; overflow: hidden;\" src=\"https:\/\/www.facebook.com\/plugins\/post.php?href=https%3A%2F%2Fwww.facebook.com%2Fpermalink.php%3Fstory_fbid%3Dpfbid0AqUMHGiEhzcsYHEYLPxxMThJ5C3BaLuAmotG13QVDZm7DgJ7v9JdrSdGBqCEbjypl%26id%3D100083158940816&amp;show_text=true&amp;width=500\" width=\"500\" height=\"545\" frameborder=\"0\" scrolling=\"no\" allowfullscreen=\"allowfullscreen\"><\/iframe><\/p>\n","protected":false},"excerpt":{"rendered":"<p>A muchas personas les causa el malestar que los veh\u00edculos de transporte pesado que llevan arena o piedr\u00edn dejan material tirado en las calles y carreteras, lo cual provoca da\u00f1os en los veh\u00edculos de terceras personas. MIRA: Ceder el paso a las ambulancias, no por ser sancionados sino por salvar una vida Seg\u00fan Myron Gonz\u00e1lez director de la Polic\u00eda Municipal de Tr\u00e1nsito, ellos han estado reteniendo a los pilotos de los veh\u00edculos de transporte pesado que llevaba material que con el aire sale volando y esto afecta la visibilidad de&hellip;<\/p>\n","protected":false},"author":2,"featured_media":26502,"comment_status":"open","ping_status":"open","sticky":false,"template":"","format":"standard","meta":{"footnotes":""},"categories":[3],"tags":[9797,9796],"class_list":["post-26511","post","type-post","status-publish","format-standard","has-post-thumbnail","hentry","category-locales","tag-si-no-llevan-tapada-la-carga","tag-vehiculos-pesados-podrian-ser-sancionados"],"gutentor_comment":0,"_links":{"self":[{"href":"https:\/\/www.notijalapa.net\/noticias\/wp-json\/wp\/v2\/posts\/26511","targetHints":{"allow":["GET"]}}],"collection":[{"href":"https:\/\/www.notijalapa.net\/noticias\/wp-json\/wp\/v2\/posts"}],"about":[{"href":"https:\/\/www.notijalapa.net\/noticias\/wp-json\/wp\/v2\/types\/post"}],"author":[{"embeddable":true,"href":"https:\/\/www.notijalapa.net\/noticias\/wp-json\/wp\/v2\/users\/2"}],"replies":[{"embeddable":true,"href":"https:\/\/www.notijalapa.net\/noticias\/wp-json\/wp\/v2\/comments?post=26511"}],"version-history":[{"count":2,"href":"https:\/\/www.notijalapa.net\/noticias\/wp-json\/wp\/v2\/posts\/26511\/revisions"}],"predecessor-version":[{"id":26517,"href":"https:\/\/www.notijalapa.net\/noticias\/wp-json\/wp\/v2\/posts\/26511\/revisions\/26517"}],"wp:featuredmedia":[{"embeddable":true,"href":"https:\/\/www.notijalapa.net\/noticias\/wp-json\/wp\/v2\/media\/26502"}],"wp:attachment":[{"href":"https:\/\/www.notijalapa.net\/noticias\/wp-json\/wp\/v2\/media?parent=26511"}],"wp:term":[{"taxonomy":"category","embeddable":true,"href":"https:\/\/www.notijalapa.net\/noticias\/wp-json\/wp\/v2\/categories?post=26511"},{"taxonomy":"post_tag","embeddable":true,"href":"https:\/\/www.notijalapa.net\/noticias\/wp-json\/wp\/v2\/tags?post=26511"}],"curies":[{"name":"wp","href":"https:\/\/api.w.org\/{rel}","templated":true}]}}