{"id":26505,"date":"2025-08-14T10:57:37","date_gmt":"2025-08-14T10:57:37","guid":{"rendered":"https:\/\/www.notijalapa.net\/noticias\/?p=26505"},"modified":"2025-08-14T11:16:03","modified_gmt":"2025-08-14T11:16:03","slug":"ceder-el-paso-a-las-ambulancias-no-por-ser-sancionados-sino-por-salvar-una-vida","status":"publish","type":"post","link":"https:\/\/www.notijalapa.net\/noticias\/2025\/08\/14\/ceder-el-paso-a-las-ambulancias-no-por-ser-sancionados-sino-por-salvar-una-vida\/","title":{"rendered":"Ceder el paso a las ambulancias, no por ser sancionados sino por salvar una vida"},"content":{"rendered":"<p>La educaci\u00f3n vial al ver una ambulancia es tema muy complicado, porque no tenemos esa educaci\u00f3n, se le hace un llamado a la poblaci\u00f3n para que al momento que vean una ambulancia cedan el paso, seg\u00fan lo dio a conocer Myron Gonzales director de la Polic\u00eda Municipal de Tr\u00e1nsito.<\/p>\n<p><a href=\"https:\/\/www.notijalapa.net\/noticias\/2025\/08\/14\/vehiculos-pesados-podrian-ser-sancionados-si-no-llevan-tapada-la-carga\/\">MIRA: Veh\u00edculos pesados podr\u00edan ser sancionados si no llevan tapada la carga<\/a><\/p>\n<p>Esto porque no sabemos si dentro de la unidad va una persona con una emergencia bastante fuerte y como pilotos debemos darle prioridad de paso a las ambulancias.<\/p>\n<p><iframe loading=\"lazy\" title=\"Ceder el paso a las ambulancias, no por ser sancionados sino por salvar una vida\" width=\"640\" height=\"360\" src=\"https:\/\/www.youtube.com\/embed\/ITvwpoAhSZg?feature=oembed\" frameborder=\"0\" allow=\"accelerometer; autoplay; clipboard-write; encrypted-media; gyroscope; picture-in-picture; web-share\" referrerpolicy=\"strict-origin-when-cross-origin\" allowfullscreen><\/iframe><\/p>\n<p>Es un tema muy complicado porque al ver que no llevan un paciente pensamos que no es necesario darle el paso, pero si va con sirena y luces, eso quiere decir que, va a una emergencia.<\/p>\n<p>Existen sanciones por no darle la prioridad de paso a las unidades de emergencia, digamos a los Bomberos Voluntarios, ambulancias de hospitales p\u00fablicos y privados, unidades de PNC y PMT, pero no es de hacerlo por evitar una sanci\u00f3n, es mejor pensar que se salvar\u00e1 una vida, puntualiz\u00f3.<\/p>\n<p style=\"text-align: center;\"><iframe loading=\"lazy\" style=\"border: none; overflow: hidden;\" src=\"https:\/\/www.facebook.com\/plugins\/post.php?href=https%3A%2F%2Fwww.facebook.com%2Fpermalink.php%3Fstory_fbid%3Dpfbid02m4ao3wdUFNj6rktrPQZKDq8c64Q5REhkpTsP2LgNU5xeH6eQk1tQHJCqLaiMNDEUl%26id%3D100083158940816&amp;show_text=true&amp;width=500\" width=\"500\" height=\"774\" frameborder=\"0\" scrolling=\"no\" allowfullscreen=\"allowfullscreen\"><\/iframe><\/p>\n","protected":false},"excerpt":{"rendered":"<p>La educaci\u00f3n vial al ver una ambulancia es tema muy complicado, porque no tenemos esa educaci\u00f3n, se le hace un llamado a la poblaci\u00f3n para que al momento que vean una ambulancia cedan el paso, seg\u00fan lo dio a conocer Myron Gonzales director de la Polic\u00eda Municipal de Tr\u00e1nsito. MIRA: Veh\u00edculos pesados podr\u00edan ser sancionados si no llevan tapada la carga Esto porque no sabemos si dentro de la unidad va una persona con una emergencia bastante fuerte y como pilotos debemos darle prioridad de paso a las ambulancias. Es&hellip;<\/p>\n","protected":false},"author":2,"featured_media":26500,"comment_status":"open","ping_status":"open","sticky":false,"template":"","format":"standard","meta":{"footnotes":""},"categories":[3],"tags":[9789,9790,9791],"class_list":["post-26505","post","type-post","status-publish","format-standard","has-post-thumbnail","hentry","category-locales","tag-ceder-el-paso-a-las-ambulancias","tag-no-por-ser","tag-sancionados-sino-por-salvar-una-vida"],"gutentor_comment":0,"_links":{"self":[{"href":"https:\/\/www.notijalapa.net\/noticias\/wp-json\/wp\/v2\/posts\/26505","targetHints":{"allow":["GET"]}}],"collection":[{"href":"https:\/\/www.notijalapa.net\/noticias\/wp-json\/wp\/v2\/posts"}],"about":[{"href":"https:\/\/www.notijalapa.net\/noticias\/wp-json\/wp\/v2\/types\/post"}],"author":[{"embeddable":true,"href":"https:\/\/www.notijalapa.net\/noticias\/wp-json\/wp\/v2\/users\/2"}],"replies":[{"embeddable":true,"href":"https:\/\/www.notijalapa.net\/noticias\/wp-json\/wp\/v2\/comments?post=26505"}],"version-history":[{"count":2,"href":"https:\/\/www.notijalapa.net\/noticias\/wp-json\/wp\/v2\/posts\/26505\/revisions"}],"predecessor-version":[{"id":26521,"href":"https:\/\/www.notijalapa.net\/noticias\/wp-json\/wp\/v2\/posts\/26505\/revisions\/26521"}],"wp:featuredmedia":[{"embeddable":true,"href":"https:\/\/www.notijalapa.net\/noticias\/wp-json\/wp\/v2\/media\/26500"}],"wp:attachment":[{"href":"https:\/\/www.notijalapa.net\/noticias\/wp-json\/wp\/v2\/media?parent=26505"}],"wp:term":[{"taxonomy":"category","embeddable":true,"href":"https:\/\/www.notijalapa.net\/noticias\/wp-json\/wp\/v2\/categories?post=26505"},{"taxonomy":"post_tag","embeddable":true,"href":"https:\/\/www.notijalapa.net\/noticias\/wp-json\/wp\/v2\/tags?post=26505"}],"curies":[{"name":"wp","href":"https:\/\/api.w.org\/{rel}","templated":true}]}}