{"id":26454,"date":"2025-08-12T10:59:57","date_gmt":"2025-08-12T10:59:57","guid":{"rendered":"https:\/\/www.notijalapa.net\/noticias\/?p=26454"},"modified":"2025-08-12T11:12:13","modified_gmt":"2025-08-12T11:12:13","slug":"maestros-vuelven-a-las-escuelas-con-normalidad","status":"publish","type":"post","link":"https:\/\/www.notijalapa.net\/noticias\/2025\/08\/12\/maestros-vuelven-a-las-escuelas-con-normalidad\/","title":{"rendered":"Maestros vuelven a las escuelas con normalidad"},"content":{"rendered":"<p>Despu\u00e9s de todo el movimiento que se tuvo por parte del magisterio, en el distro educativo del sector primario actualmente todo se est\u00e1 llevando a cabo con normalidad, los docentes ya saben que deben cumplir con su tarea para lo cual fueron nombrados y contratados, seg\u00fan lo dio a conocer el Lic. Danilo Reyes supervisor educativo del sector primario.<\/p>\n<p><a href=\"https:\/\/www.notijalapa.net\/noticias\/2025\/08\/12\/los-socorristas-acudieron-a-36-emergencias-el-fin-de-semana\/\">MIRA: Los socorristas acudieron a 36 emergencias el fin de semana<\/a><\/p>\n<p>En su distrito fueron muy pocos los docentes que no asistieron a dar clases a los centros educativos, son muy pocos los casos, pero en un 95 por ciento de las escuelas estuvieron recibiendo clases con normalidad.<\/p>\n<p><iframe loading=\"lazy\" title=\"Maestros vuelven a las escuelas con normalidad\" width=\"640\" height=\"360\" src=\"https:\/\/www.youtube.com\/embed\/5ZPp5FN_Mi4?feature=oembed\" frameborder=\"0\" allow=\"accelerometer; autoplay; clipboard-write; encrypted-media; gyroscope; picture-in-picture; web-share\" referrerpolicy=\"strict-origin-when-cross-origin\" allowfullscreen><\/iframe><\/p>\n<p>Est\u00e1n a la espera de las instrucciones por parte de la Directora Departamental de Educaci\u00f3n, para saber c\u00f3mo se recuperar\u00e1 el tiempo perdido por los docentes, pero en el distrito del nivel primario no habr\u00e1 que reponer el tiempo porque han cumplido con el calendario escolar.<\/p>\n<p style=\"text-align: center;\"><iframe loading=\"lazy\" style=\"border: none; overflow: hidden;\" src=\"https:\/\/www.facebook.com\/plugins\/post.php?href=https%3A%2F%2Fwww.facebook.com%2Fpermalink.php%3Fstory_fbid%3Dpfbid0qDifSx4i12WUddP77CEre74UCt2GgcUzMMaKvmJy1sNTaPbdb8YDNKf7B5t9ShZel%26id%3D100083158940816&amp;show_text=true&amp;width=500\" width=\"500\" height=\"525\" frameborder=\"0\" scrolling=\"no\" allowfullscreen=\"allowfullscreen\"><\/iframe><\/p>\n","protected":false},"excerpt":{"rendered":"<p>Despu\u00e9s de todo el movimiento que se tuvo por parte del magisterio, en el distro educativo del sector primario actualmente todo se est\u00e1 llevando a cabo con normalidad, los docentes ya saben que deben cumplir con su tarea para lo cual fueron nombrados y contratados, seg\u00fan lo dio a conocer el Lic. Danilo Reyes supervisor educativo del sector primario. MIRA: Los socorristas acudieron a 36 emergencias el fin de semana En su distrito fueron muy pocos los docentes que no asistieron a dar clases a los centros educativos, son muy&hellip;<\/p>\n","protected":false},"author":2,"featured_media":26447,"comment_status":"open","ping_status":"open","sticky":false,"template":"","format":"standard","meta":{"footnotes":""},"categories":[3],"tags":[9772,9771],"class_list":["post-26454","post","type-post","status-publish","format-standard","has-post-thumbnail","hentry","category-locales","tag-escuelas-con-normalidad","tag-maestros-vuelven-a-las"],"gutentor_comment":0,"_links":{"self":[{"href":"https:\/\/www.notijalapa.net\/noticias\/wp-json\/wp\/v2\/posts\/26454","targetHints":{"allow":["GET"]}}],"collection":[{"href":"https:\/\/www.notijalapa.net\/noticias\/wp-json\/wp\/v2\/posts"}],"about":[{"href":"https:\/\/www.notijalapa.net\/noticias\/wp-json\/wp\/v2\/types\/post"}],"author":[{"embeddable":true,"href":"https:\/\/www.notijalapa.net\/noticias\/wp-json\/wp\/v2\/users\/2"}],"replies":[{"embeddable":true,"href":"https:\/\/www.notijalapa.net\/noticias\/wp-json\/wp\/v2\/comments?post=26454"}],"version-history":[{"count":2,"href":"https:\/\/www.notijalapa.net\/noticias\/wp-json\/wp\/v2\/posts\/26454\/revisions"}],"predecessor-version":[{"id":26463,"href":"https:\/\/www.notijalapa.net\/noticias\/wp-json\/wp\/v2\/posts\/26454\/revisions\/26463"}],"wp:featuredmedia":[{"embeddable":true,"href":"https:\/\/www.notijalapa.net\/noticias\/wp-json\/wp\/v2\/media\/26447"}],"wp:attachment":[{"href":"https:\/\/www.notijalapa.net\/noticias\/wp-json\/wp\/v2\/media?parent=26454"}],"wp:term":[{"taxonomy":"category","embeddable":true,"href":"https:\/\/www.notijalapa.net\/noticias\/wp-json\/wp\/v2\/categories?post=26454"},{"taxonomy":"post_tag","embeddable":true,"href":"https:\/\/www.notijalapa.net\/noticias\/wp-json\/wp\/v2\/tags?post=26454"}],"curies":[{"name":"wp","href":"https:\/\/api.w.org\/{rel}","templated":true}]}}