{"id":26408,"date":"2025-08-08T10:56:56","date_gmt":"2025-08-08T10:56:56","guid":{"rendered":"https:\/\/www.notijalapa.net\/noticias\/?p=26408"},"modified":"2025-08-08T11:11:50","modified_gmt":"2025-08-08T11:11:50","slug":"en-actividades-de-feria-tendran-carrera-nocturna","status":"publish","type":"post","link":"https:\/\/www.notijalapa.net\/noticias\/2025\/08\/08\/en-actividades-de-feria-tendran-carrera-nocturna\/","title":{"rendered":"En actividades de feria tendr\u00e1n carrera nocturna"},"content":{"rendered":"<p>Ya han tenido una reuni\u00f3n con el comit\u00e9 de feria, en donde est\u00e1n planificando hacer la carrera nocturna 5K, corriendo bajo las estrellas de la morena climatol\u00f3gica de oriente, seg\u00fan lo dio a conocer Fernando Ju\u00e1rez de la Asociaci\u00f3n Soy T21.<\/p>\n<p><a href=\"https:\/\/www.notijalapa.net\/noticias\/2025\/08\/08\/si-las-autoridades-no-les-ayudan-pediran-a-los-jalapanecos\/\">MIRA: S\u00ed las autoridades no les ayudan, pedir\u00e1n a los jalapanecos<\/a><\/p>\n<p>Esta carrera se realizar\u00e1 el 10 de septiembre y est\u00e1n trabajando para saber de cuanto ser\u00e1 la cuota, cuales ser\u00e1n las premiaciones, las medallas, las playeras, entre otras cosas, con ese dato ya sabr\u00e1n cuanto se cobrar\u00e1, esperando que sea algo m\u00ednimo y el dinero recaudado lo utilizar\u00e1n para hacer unas vallas propias de la asociaci\u00f3n porque las necesitan para esta clase de eventos.<\/p>\n<p><iframe loading=\"lazy\" title=\"En actividades de feria tendr\u00e1n carrera nocturna\" width=\"640\" height=\"360\" src=\"https:\/\/www.youtube.com\/embed\/Ze3LH-5jMAg?feature=oembed\" frameborder=\"0\" allow=\"accelerometer; autoplay; clipboard-write; encrypted-media; gyroscope; picture-in-picture; web-share\" referrerpolicy=\"strict-origin-when-cross-origin\" allowfullscreen><\/iframe><\/p>\n<p>En los eventos pasados adquirieron una meta de metal que tuvo un costo aproximado de nueve mil quetzales, esto no solo es para el servicio de la asociaci\u00f3n, sino que tambi\u00e9n de todas las personas que practiquen alg\u00fan otro deporte y necesitan de una meta esta estar\u00e1 disponible. El sue\u00f1o para la asociaci\u00f3n es, tener vallas y un cron\u00f3metro de meta, este \u00faltimo tiene un costo aproximado de 22 mil quetzales, esperando alg\u00fan d\u00eda cumplir el sue\u00f1o.<\/p>\n<p style=\"text-align: center;\"><iframe loading=\"lazy\" style=\"border: none; overflow: hidden;\" src=\"https:\/\/www.facebook.com\/plugins\/post.php?href=https%3A%2F%2Fwww.facebook.com%2Fpermalink.php%3Fstory_fbid%3Dpfbid02WjAQqv5L1w71EGHSVe1hEyboXL99sBo6bTq7ibVZFQFCJApRB6PLutQqwEQXknbyl%26id%3D100083158940816&amp;show_text=true&amp;width=500\" width=\"500\" height=\"487\" frameborder=\"0\" scrolling=\"no\" allowfullscreen=\"allowfullscreen\"><\/iframe><\/p>\n","protected":false},"excerpt":{"rendered":"<p>Ya han tenido una reuni\u00f3n con el comit\u00e9 de feria, en donde est\u00e1n planificando hacer la carrera nocturna 5K, corriendo bajo las estrellas de la morena climatol\u00f3gica de oriente, seg\u00fan lo dio a conocer Fernando Ju\u00e1rez de la Asociaci\u00f3n Soy T21. MIRA: S\u00ed las autoridades no les ayudan, pedir\u00e1n a los jalapanecos Esta carrera se realizar\u00e1 el 10 de septiembre y est\u00e1n trabajando para saber de cuanto ser\u00e1 la cuota, cuales ser\u00e1n las premiaciones, las medallas, las playeras, entre otras cosas, con ese dato ya sabr\u00e1n cuanto se cobrar\u00e1, esperando&hellip;<\/p>\n","protected":false},"author":2,"featured_media":26398,"comment_status":"open","ping_status":"open","sticky":false,"template":"","format":"standard","meta":{"footnotes":""},"categories":[3],"tags":[9752,9751],"class_list":["post-26408","post","type-post","status-publish","format-standard","has-post-thumbnail","hentry","category-locales","tag-carrera-nocturna","tag-en-actividades-de-feria-tendran"],"gutentor_comment":0,"_links":{"self":[{"href":"https:\/\/www.notijalapa.net\/noticias\/wp-json\/wp\/v2\/posts\/26408","targetHints":{"allow":["GET"]}}],"collection":[{"href":"https:\/\/www.notijalapa.net\/noticias\/wp-json\/wp\/v2\/posts"}],"about":[{"href":"https:\/\/www.notijalapa.net\/noticias\/wp-json\/wp\/v2\/types\/post"}],"author":[{"embeddable":true,"href":"https:\/\/www.notijalapa.net\/noticias\/wp-json\/wp\/v2\/users\/2"}],"replies":[{"embeddable":true,"href":"https:\/\/www.notijalapa.net\/noticias\/wp-json\/wp\/v2\/comments?post=26408"}],"version-history":[{"count":2,"href":"https:\/\/www.notijalapa.net\/noticias\/wp-json\/wp\/v2\/posts\/26408\/revisions"}],"predecessor-version":[{"id":26414,"href":"https:\/\/www.notijalapa.net\/noticias\/wp-json\/wp\/v2\/posts\/26408\/revisions\/26414"}],"wp:featuredmedia":[{"embeddable":true,"href":"https:\/\/www.notijalapa.net\/noticias\/wp-json\/wp\/v2\/media\/26398"}],"wp:attachment":[{"href":"https:\/\/www.notijalapa.net\/noticias\/wp-json\/wp\/v2\/media?parent=26408"}],"wp:term":[{"taxonomy":"category","embeddable":true,"href":"https:\/\/www.notijalapa.net\/noticias\/wp-json\/wp\/v2\/categories?post=26408"},{"taxonomy":"post_tag","embeddable":true,"href":"https:\/\/www.notijalapa.net\/noticias\/wp-json\/wp\/v2\/tags?post=26408"}],"curies":[{"name":"wp","href":"https:\/\/api.w.org\/{rel}","templated":true}]}}