{"id":26370,"date":"2025-08-07T10:56:58","date_gmt":"2025-08-07T10:56:58","guid":{"rendered":"https:\/\/www.notijalapa.net\/noticias\/?p=26370"},"modified":"2025-08-07T11:13:53","modified_gmt":"2025-08-07T11:13:53","slug":"en-siete-meses-95-alertas-se-han-activado-por-menores-desaparecidos","status":"publish","type":"post","link":"https:\/\/www.notijalapa.net\/noticias\/2025\/08\/07\/en-siete-meses-95-alertas-se-han-activado-por-menores-desaparecidos\/","title":{"rendered":"En siete meses 95 alertas se han activado por menores desaparecidos"},"content":{"rendered":"<p>La Procuradur\u00eda General de la Naci\u00f3n ha activado en lo que va del a\u00f1o 95 alertas Alba-Kenneth, solo en el mes de julio se activaron 10 alertas, seg\u00fan lo dio a conocer el Lic. Luis M\u00e9ndez delegado de la PGN.<\/p>\n<p><a href=\"https:\/\/www.notijalapa.net\/noticias\/2025\/08\/07\/pondran-puestos-de-control-para-verificar-que-este-pagado-el-impuesto-de-circulacion\/\">MIRA: Pondr\u00e1n puestos de control para verificar que est\u00e9 pagado el impuesto de circulaci\u00f3n<\/a><\/p>\n<p>Si hacemos un comparativo con relaci\u00f3n al a\u00f1o 2024 para la presente fecha se ten\u00edan 66 alertas activadas, eso quiere decir que, si se tiene un aumento en cuanto a los casos diligenciados, tanto en la activaci\u00f3n, desactivaci\u00f3n y su protocolo respectivo, en el sentido de establecer si hay alg\u00fan derecho afectado y poderse restituir a trav\u00e9s de un proceso de protecci\u00f3n si fuera necesario.<\/p>\n<p><iframe loading=\"lazy\" title=\"En siete meses 95 alertas se han activado por menores desaparecidos\" width=\"640\" height=\"360\" src=\"https:\/\/www.youtube.com\/embed\/C5o1HwdyJ_U?feature=oembed\" frameborder=\"0\" allow=\"accelerometer; autoplay; clipboard-write; encrypted-media; gyroscope; picture-in-picture; web-share\" referrerpolicy=\"strict-origin-when-cross-origin\" allowfullscreen><\/iframe><\/p>\n<p>Es un alto porcentaje de efectividad el que se tiene en cuanto al protocolo para tener la localizaci\u00f3n y resguardo de los menores, como las diligencias respectivas para establecer que retornen a sus hogares.<\/p>\n<p style=\"text-align: center;\"><iframe loading=\"lazy\" style=\"border: none; overflow: hidden;\" src=\"https:\/\/www.facebook.com\/plugins\/post.php?href=https%3A%2F%2Fwww.facebook.com%2Fpermalink.php%3Fstory_fbid%3Dpfbid0umttQZHprEy9TDsYPzNK6YECG6aiogBGiWJa3FPHrDxKgZqfZLsKzdo2jAkEmwkCl%26id%3D100083158940816&amp;show_text=true&amp;width=500\" width=\"500\" height=\"774\" frameborder=\"0\" scrolling=\"no\" allowfullscreen=\"allowfullscreen\"><\/iframe><\/p>\n","protected":false},"excerpt":{"rendered":"<p>La Procuradur\u00eda General de la Naci\u00f3n ha activado en lo que va del a\u00f1o 95 alertas Alba-Kenneth, solo en el mes de julio se activaron 10 alertas, seg\u00fan lo dio a conocer el Lic. Luis M\u00e9ndez delegado de la PGN. MIRA: Pondr\u00e1n puestos de control para verificar que est\u00e9 pagado el impuesto de circulaci\u00f3n Si hacemos un comparativo con relaci\u00f3n al a\u00f1o 2024 para la presente fecha se ten\u00edan 66 alertas activadas, eso quiere decir que, si se tiene un aumento en cuanto a los casos diligenciados, tanto en la&hellip;<\/p>\n","protected":false},"author":2,"featured_media":26371,"comment_status":"open","ping_status":"open","sticky":false,"template":"","format":"standard","meta":{"footnotes":""},"categories":[3],"tags":[9732,9731],"class_list":["post-26370","post","type-post","status-publish","format-standard","has-post-thumbnail","hentry","category-locales","tag-activado-por-menores-desaparecidos","tag-en-siete-meses-95-alertas-se-han"],"gutentor_comment":0,"_links":{"self":[{"href":"https:\/\/www.notijalapa.net\/noticias\/wp-json\/wp\/v2\/posts\/26370","targetHints":{"allow":["GET"]}}],"collection":[{"href":"https:\/\/www.notijalapa.net\/noticias\/wp-json\/wp\/v2\/posts"}],"about":[{"href":"https:\/\/www.notijalapa.net\/noticias\/wp-json\/wp\/v2\/types\/post"}],"author":[{"embeddable":true,"href":"https:\/\/www.notijalapa.net\/noticias\/wp-json\/wp\/v2\/users\/2"}],"replies":[{"embeddable":true,"href":"https:\/\/www.notijalapa.net\/noticias\/wp-json\/wp\/v2\/comments?post=26370"}],"version-history":[{"count":2,"href":"https:\/\/www.notijalapa.net\/noticias\/wp-json\/wp\/v2\/posts\/26370\/revisions"}],"predecessor-version":[{"id":26392,"href":"https:\/\/www.notijalapa.net\/noticias\/wp-json\/wp\/v2\/posts\/26370\/revisions\/26392"}],"wp:featuredmedia":[{"embeddable":true,"href":"https:\/\/www.notijalapa.net\/noticias\/wp-json\/wp\/v2\/media\/26371"}],"wp:attachment":[{"href":"https:\/\/www.notijalapa.net\/noticias\/wp-json\/wp\/v2\/media?parent=26370"}],"wp:term":[{"taxonomy":"category","embeddable":true,"href":"https:\/\/www.notijalapa.net\/noticias\/wp-json\/wp\/v2\/categories?post=26370"},{"taxonomy":"post_tag","embeddable":true,"href":"https:\/\/www.notijalapa.net\/noticias\/wp-json\/wp\/v2\/tags?post=26370"}],"curies":[{"name":"wp","href":"https:\/\/api.w.org\/{rel}","templated":true}]}}