{"id":26306,"date":"2025-08-02T13:14:10","date_gmt":"2025-08-02T13:14:10","guid":{"rendered":"https:\/\/www.notijalapa.net\/noticias\/?p=26306"},"modified":"2025-08-02T13:26:09","modified_gmt":"2025-08-02T13:26:09","slug":"funcionarios-publicos-han-sido-denunciados-por-negar-informacion","status":"publish","type":"post","link":"https:\/\/www.notijalapa.net\/noticias\/2025\/08\/02\/funcionarios-publicos-han-sido-denunciados-por-negar-informacion\/","title":{"rendered":"Funcionarios p\u00fablicos han sido denunciados por negar informaci\u00f3n"},"content":{"rendered":"<p>Muchos funcionarios p\u00fablico vienen de la ciudad capital y se han negado a dar informaci\u00f3n a los comunicadores del departamento de Jalapa, por tal motivo han recibido una denuncia y el expediente de m\u00e9rito se ha aperturado a trav\u00e9s de una mediaci\u00f3n, en donde estar\u00e1n realizando intervenci\u00f3n como auxiliatura departamental por parte de la prensa jalapaneca que ha sido afectada con esta situaci\u00f3n, seg\u00fan lo dio a conocer la Licda. Cecilia Isabel Aguirre Auxiliar del Procurador de los Derechos Humanos.<\/p>\n<p><a href=\"https:\/\/www.notijalapa.net\/noticias\/2025\/08\/02\/en-lo-que-va-del-ano-los-casos-de-dengue-se-han-mantenido-en-un-rango-normal\/\">MIRA: En lo que va del a\u00f1o los casos de dengue se han mantenido en un rango normal<\/a><\/p>\n<p>La ra\u00edz de esta denuncia es porque funcionarios p\u00fablicos le han negado el derecho de acceso a la informaci\u00f3n a varios comunicadores, por lo que se est\u00e1n coordinando las actividades para aperturar una mesa de trabajo en donde tendr\u00e1 participaci\u00f3n la prensa jalapaneca y los funcionarios denunciados para darle el seguimiento oportuno y encontrar soluciones viables ante esta situaci\u00f3n.<\/p>\n<p><iframe loading=\"lazy\" title=\"Funcionarios p\u00fablicos han sido denunciados por negar informaci\u00f3n\" width=\"640\" height=\"360\" src=\"https:\/\/www.youtube.com\/embed\/lxDskCqByb0?feature=oembed\" frameborder=\"0\" allow=\"accelerometer; autoplay; clipboard-write; encrypted-media; gyroscope; picture-in-picture; web-share\" referrerpolicy=\"strict-origin-when-cross-origin\" allowfullscreen><\/iframe><\/p>\n<p>Esto con el objetivo que, la prensa pueda seguir informando a la poblaci\u00f3n sobre las actividades y las acciones que las instituciones han hecho en beneficio de la poblaci\u00f3n jalapaneca, ya que es una informaci\u00f3n de oficio que se le debe otorgar a quienes lo soliciten. Muchas de las oficinas del departamento de Jalapa no cuentan con despachos espec\u00edficos para el acceso a la informaci\u00f3n p\u00fablica en el departamento, aunque lo deber\u00edan tener.<\/p>\n<p style=\"text-align: center;\"><iframe loading=\"lazy\" style=\"border: none; overflow: hidden;\" src=\"https:\/\/www.facebook.com\/plugins\/post.php?href=https%3A%2F%2Fwww.facebook.com%2Fpermalink.php%3Fstory_fbid%3Dpfbid02tsaaXcPurWudQWRHJtx7UPtjcYmHdVhEXMCguP94Svsh4aHjtrd2Y9adyyX3JEGYl%26id%3D100083158940816&amp;show_text=true&amp;width=500\" width=\"500\" height=\"506\" frameborder=\"0\" scrolling=\"no\" allowfullscreen=\"allowfullscreen\"><\/iframe><\/p>\n","protected":false},"excerpt":{"rendered":"<p>Muchos funcionarios p\u00fablico vienen de la ciudad capital y se han negado a dar informaci\u00f3n a los comunicadores del departamento de Jalapa, por tal motivo han recibido una denuncia y el expediente de m\u00e9rito se ha aperturado a trav\u00e9s de una mediaci\u00f3n, en donde estar\u00e1n realizando intervenci\u00f3n como auxiliatura departamental por parte de la prensa jalapaneca que ha sido afectada con esta situaci\u00f3n, seg\u00fan lo dio a conocer la Licda. Cecilia Isabel Aguirre Auxiliar del Procurador de los Derechos Humanos. MIRA: En lo que va del a\u00f1o los casos de&hellip;<\/p>\n","protected":false},"author":2,"featured_media":26297,"comment_status":"open","ping_status":"open","sticky":false,"template":"","format":"standard","meta":{"footnotes":""},"categories":[3],"tags":[9705,9704],"class_list":["post-26306","post","type-post","status-publish","format-standard","has-post-thumbnail","hentry","category-locales","tag-denunciados-por-negar-informacion","tag-funcionarios-publicos-han-sido"],"gutentor_comment":0,"_links":{"self":[{"href":"https:\/\/www.notijalapa.net\/noticias\/wp-json\/wp\/v2\/posts\/26306","targetHints":{"allow":["GET"]}}],"collection":[{"href":"https:\/\/www.notijalapa.net\/noticias\/wp-json\/wp\/v2\/posts"}],"about":[{"href":"https:\/\/www.notijalapa.net\/noticias\/wp-json\/wp\/v2\/types\/post"}],"author":[{"embeddable":true,"href":"https:\/\/www.notijalapa.net\/noticias\/wp-json\/wp\/v2\/users\/2"}],"replies":[{"embeddable":true,"href":"https:\/\/www.notijalapa.net\/noticias\/wp-json\/wp\/v2\/comments?post=26306"}],"version-history":[{"count":2,"href":"https:\/\/www.notijalapa.net\/noticias\/wp-json\/wp\/v2\/posts\/26306\/revisions"}],"predecessor-version":[{"id":26312,"href":"https:\/\/www.notijalapa.net\/noticias\/wp-json\/wp\/v2\/posts\/26306\/revisions\/26312"}],"wp:featuredmedia":[{"embeddable":true,"href":"https:\/\/www.notijalapa.net\/noticias\/wp-json\/wp\/v2\/media\/26297"}],"wp:attachment":[{"href":"https:\/\/www.notijalapa.net\/noticias\/wp-json\/wp\/v2\/media?parent=26306"}],"wp:term":[{"taxonomy":"category","embeddable":true,"href":"https:\/\/www.notijalapa.net\/noticias\/wp-json\/wp\/v2\/categories?post=26306"},{"taxonomy":"post_tag","embeddable":true,"href":"https:\/\/www.notijalapa.net\/noticias\/wp-json\/wp\/v2\/tags?post=26306"}],"curies":[{"name":"wp","href":"https:\/\/api.w.org\/{rel}","templated":true}]}}