{"id":26228,"date":"2025-07-30T10:54:18","date_gmt":"2025-07-30T10:54:18","guid":{"rendered":"https:\/\/www.notijalapa.net\/noticias\/?p=26228"},"modified":"2025-07-30T11:08:30","modified_gmt":"2025-07-30T11:08:30","slug":"en-el-mes-de-agosto-se-realizara-la-eleccion-del-nino-o-nina-procurador-por-un-dia","status":"publish","type":"post","link":"https:\/\/www.notijalapa.net\/noticias\/2025\/07\/30\/en-el-mes-de-agosto-se-realizara-la-eleccion-del-nino-o-nina-procurador-por-un-dia\/","title":{"rendered":"En el mes de agosto se realizar\u00e1 la elecci\u00f3n del ni\u00f1o o ni\u00f1a procurador por un d\u00eda"},"content":{"rendered":"<p>En esta oportunidad el municipio de San Pedro Pinula se estar\u00e1 llevando a cabo el certamen final de la elecci\u00f3n del ni\u00f1o o ni\u00f1a procurador por un d\u00eda, es un evento que se realiza en conmemoraci\u00f3n a la fundaci\u00f3n de la instituci\u00f3n, el cual se realiza cada 19 de agosto, seg\u00fan lo dio a conocer la Licda. Cecilia Isabel Aguirre Auxiliar del Procurador de los Derechos Humanos.<\/p>\n<p><a href=\"https:\/\/www.notijalapa.net\/noticias\/2025\/07\/30\/estudiantes-son-informados-sobre-las-consecuencias-del-uso-de-drogas\/\">MIRA: Estudiantes son informados sobre las consecuencias del uso de drogas<\/a><\/p>\n<p>Esta elecci\u00f3n se realiza en coordinaci\u00f3n con el Ministerio de Educaci\u00f3n y la comunidad educativa de manera que, se siga inculcando el liderazgo y conocimiento en los ni\u00f1os y ni\u00f1as. Es un evento bastante importante en donde estar\u00e1 un jurado calificador y se han realizado pre-elecciones en los diferentes establecimientos del municipio de San Pedro Pinula.<\/p>\n<p><iframe loading=\"lazy\" title=\"En el mes de agosto se realizar\u00e1 la elecci\u00f3n del ni\u00f1o o ni\u00f1a procurador por un d\u00eda\" width=\"640\" height=\"360\" src=\"https:\/\/www.youtube.com\/embed\/VXbvAdJEtQQ?feature=oembed\" frameborder=\"0\" allow=\"accelerometer; autoplay; clipboard-write; encrypted-media; gyroscope; picture-in-picture; web-share\" referrerpolicy=\"strict-origin-when-cross-origin\" allowfullscreen><\/iframe><\/p>\n<p>En el mes de agosto se estar\u00e1 realizando el evento final, en donde los ni\u00f1os y ni\u00f1as mostrar\u00e1n sus talentos y conocimientos en materia de derechos humanos, para tener el gusto de ser el ni\u00f1o procurador por un d\u00eda, procurador adjunto 1 y 2. Por tal motivo, hace la cordial invitaci\u00f3n a toda la poblaci\u00f3n y establecimientos educativos para que pueda asistir a esta elecci\u00f3n.<\/p>\n<p style=\"text-align: center;\"><iframe loading=\"lazy\" style=\"border: none; overflow: hidden;\" src=\"https:\/\/www.facebook.com\/plugins\/post.php?href=https%3A%2F%2Fwww.facebook.com%2Fpermalink.php%3Fstory_fbid%3Dpfbid021EGn3LMuwXePCE3xF9oWPaXJrt1BtDouwdyWzXCZi5wm4t6s6uDWpz8Eg5eiVTKTl%26id%3D100083158940816&amp;show_text=true&amp;width=500\" width=\"500\" height=\"525\" frameborder=\"0\" scrolling=\"no\" allowfullscreen=\"allowfullscreen\"><\/iframe><\/p>\n","protected":false},"excerpt":{"rendered":"<p>En esta oportunidad el municipio de San Pedro Pinula se estar\u00e1 llevando a cabo el certamen final de la elecci\u00f3n del ni\u00f1o o ni\u00f1a procurador por un d\u00eda, es un evento que se realiza en conmemoraci\u00f3n a la fundaci\u00f3n de la instituci\u00f3n, el cual se realiza cada 19 de agosto, seg\u00fan lo dio a conocer la Licda. Cecilia Isabel Aguirre Auxiliar del Procurador de los Derechos Humanos. MIRA: Estudiantes son informados sobre las consecuencias del uso de drogas Esta elecci\u00f3n se realiza en coordinaci\u00f3n con el Ministerio de Educaci\u00f3n y&hellip;<\/p>\n","protected":false},"author":2,"featured_media":26221,"comment_status":"open","ping_status":"open","sticky":false,"template":"","format":"standard","meta":{"footnotes":""},"categories":[3],"tags":[9667,9666],"class_list":["post-26228","post","type-post","status-publish","format-standard","has-post-thumbnail","hentry","category-locales","tag-del-nino-o-nina-procurador-por-un-dia","tag-en-el-mes-de-agosto-se-realizara-la-eleccion"],"gutentor_comment":0,"_links":{"self":[{"href":"https:\/\/www.notijalapa.net\/noticias\/wp-json\/wp\/v2\/posts\/26228","targetHints":{"allow":["GET"]}}],"collection":[{"href":"https:\/\/www.notijalapa.net\/noticias\/wp-json\/wp\/v2\/posts"}],"about":[{"href":"https:\/\/www.notijalapa.net\/noticias\/wp-json\/wp\/v2\/types\/post"}],"author":[{"embeddable":true,"href":"https:\/\/www.notijalapa.net\/noticias\/wp-json\/wp\/v2\/users\/2"}],"replies":[{"embeddable":true,"href":"https:\/\/www.notijalapa.net\/noticias\/wp-json\/wp\/v2\/comments?post=26228"}],"version-history":[{"count":2,"href":"https:\/\/www.notijalapa.net\/noticias\/wp-json\/wp\/v2\/posts\/26228\/revisions"}],"predecessor-version":[{"id":26240,"href":"https:\/\/www.notijalapa.net\/noticias\/wp-json\/wp\/v2\/posts\/26228\/revisions\/26240"}],"wp:featuredmedia":[{"embeddable":true,"href":"https:\/\/www.notijalapa.net\/noticias\/wp-json\/wp\/v2\/media\/26221"}],"wp:attachment":[{"href":"https:\/\/www.notijalapa.net\/noticias\/wp-json\/wp\/v2\/media?parent=26228"}],"wp:term":[{"taxonomy":"category","embeddable":true,"href":"https:\/\/www.notijalapa.net\/noticias\/wp-json\/wp\/v2\/categories?post=26228"},{"taxonomy":"post_tag","embeddable":true,"href":"https:\/\/www.notijalapa.net\/noticias\/wp-json\/wp\/v2\/tags?post=26228"}],"curies":[{"name":"wp","href":"https:\/\/api.w.org\/{rel}","templated":true}]}}