{"id":2621,"date":"2022-01-18T12:07:32","date_gmt":"2022-01-18T12:07:32","guid":{"rendered":"https:\/\/www.notijalapa.net\/noticias\/?p=2621"},"modified":"2022-01-18T12:38:31","modified_gmt":"2022-01-18T12:38:31","slug":"imparable-la-violencia-en-jalapa-dos-muertos-y-al-menos-tres-heridos-el-pasado-fin-de-semana","status":"publish","type":"post","link":"https:\/\/www.notijalapa.net\/noticias\/2022\/01\/18\/imparable-la-violencia-en-jalapa-dos-muertos-y-al-menos-tres-heridos-el-pasado-fin-de-semana\/","title":{"rendered":"Imparable la violencia en Jalapa, dos muertos y al menos tres heridos el pasado fin de semana"},"content":{"rendered":"<p>En la aldea El Rodeo, en Santa Mar\u00eda Xalapan, se reporta un hecho de violencia, dos personas de sexo masculino fueron asesinados, uno de los fallecidos fue identificado como Francisco P\u00e9rez Guzm\u00e1n; de 48 a\u00f1os, quien presentaba m\u00faltiples impactos de proyectiles de arma de fuego, la otra persona seg\u00fan la PNC a\u00fan no la han identificado.<\/p>\n<p><a href=\"https:\/\/www.notijalapa.net\/noticias\/2022\/01\/18\/entregan-mobiliario-educativo-a-siete-escuelas-del-departamento\/\">MIRA: Entregan mobiliario educativo a siete escuelas del departamento<\/a><\/p>\n<div class=\"entry-meta\"><\/div>\n<p>Seg\u00fan Jos\u00e9 Vasques delegado de la oficina de comunicaci\u00f3n social de PNC, estas personas se conduc\u00edan en el microb\u00fas con placas C438BQC, cuando los hoy fallecidos empezaron a discutir, desenfundaron sus armas y se dispararon entre si caus\u00e1ndose la muerte. Cabe mencionar que en la balacera resultaron heridos Naydelin Jazmin S\u00e1nchez; de 18 a\u00f1os, Sergio Galicia L\u00f3pez; de 43, y una tercera v\u00edctima que no fue identificada, pero que al igual que los otros en menci\u00f3n fueron trasladados a un centro asistencial.<\/p>\n<p><iframe loading=\"lazy\" title=\"Imparable La Violencia En Jalapa, Dos Muertos Y Al Menos Tres Heridos El Pasado Fin De Semana 1\" width=\"640\" height=\"360\" src=\"https:\/\/www.youtube.com\/embed\/_tXi5FkFFHc?feature=oembed\" frameborder=\"0\" allow=\"accelerometer; autoplay; clipboard-write; encrypted-media; gyroscope; picture-in-picture; web-share\" referrerpolicy=\"strict-origin-when-cross-origin\" allowfullscreen><\/iframe><\/p>\n<p>En horas de la noche del domingo Bomberos Voluntarios fueron requeridos en la aldea Loma de Enmedio, en donde les indicaron de una persona herida de arma de fuego, al llegar al lugar atendieron al se\u00f1or \u00c1ngel de Jes\u00fas Arag\u00f3n; de 40 a\u00f1os, quien presentaba m\u00faltiples impactos de proyectiles de arma de fuego, mismos que le ocasionaron sujetos desconocidos que despu\u00e9s del hecho se dieron a la fuga.<\/p>\n<p style=\"text-align: center;\"><iframe loading=\"lazy\" style=\"border: none; overflow: hidden;\" src=\"https:\/\/www.facebook.com\/plugins\/post.php?href=https%3A%2F%2Fwww.facebook.com%2Fpermalink.php%3Fstory_fbid%3D4791732220942891%26id%3D541551329294356&amp;show_text=true&amp;width=500\" width=\"500\" height=\"812\" frameborder=\"0\" scrolling=\"no\" allowfullscreen=\"allowfullscreen\"><\/iframe><\/p>\n","protected":false},"excerpt":{"rendered":"<p>En la aldea El Rodeo, en Santa Mar\u00eda Xalapan, se reporta un hecho de violencia, dos personas de sexo masculino fueron asesinados, uno de los fallecidos fue identificado como Francisco P\u00e9rez Guzm\u00e1n; de 48 a\u00f1os, quien presentaba m\u00faltiples impactos de proyectiles de arma de fuego, la otra persona seg\u00fan la PNC a\u00fan no la han identificado. MIRA: Entregan mobiliario educativo a siete escuelas del departamento Seg\u00fan Jos\u00e9 Vasques delegado de la oficina de comunicaci\u00f3n social de PNC, estas personas se conduc\u00edan en el microb\u00fas con placas C438BQC, cuando los hoy&hellip;<\/p>\n","protected":false},"author":2,"featured_media":2614,"comment_status":"open","ping_status":"open","sticky":false,"template":"","format":"standard","meta":{"footnotes":""},"categories":[3],"tags":[518,76],"class_list":["post-2621","post","type-post","status-publish","format-standard","has-post-thumbnail","hentry","category-locales","tag-fallecidos","tag-violencia"],"gutentor_comment":0,"_links":{"self":[{"href":"https:\/\/www.notijalapa.net\/noticias\/wp-json\/wp\/v2\/posts\/2621","targetHints":{"allow":["GET"]}}],"collection":[{"href":"https:\/\/www.notijalapa.net\/noticias\/wp-json\/wp\/v2\/posts"}],"about":[{"href":"https:\/\/www.notijalapa.net\/noticias\/wp-json\/wp\/v2\/types\/post"}],"author":[{"embeddable":true,"href":"https:\/\/www.notijalapa.net\/noticias\/wp-json\/wp\/v2\/users\/2"}],"replies":[{"embeddable":true,"href":"https:\/\/www.notijalapa.net\/noticias\/wp-json\/wp\/v2\/comments?post=2621"}],"version-history":[{"count":3,"href":"https:\/\/www.notijalapa.net\/noticias\/wp-json\/wp\/v2\/posts\/2621\/revisions"}],"predecessor-version":[{"id":2633,"href":"https:\/\/www.notijalapa.net\/noticias\/wp-json\/wp\/v2\/posts\/2621\/revisions\/2633"}],"wp:featuredmedia":[{"embeddable":true,"href":"https:\/\/www.notijalapa.net\/noticias\/wp-json\/wp\/v2\/media\/2614"}],"wp:attachment":[{"href":"https:\/\/www.notijalapa.net\/noticias\/wp-json\/wp\/v2\/media?parent=2621"}],"wp:term":[{"taxonomy":"category","embeddable":true,"href":"https:\/\/www.notijalapa.net\/noticias\/wp-json\/wp\/v2\/categories?post=2621"},{"taxonomy":"post_tag","embeddable":true,"href":"https:\/\/www.notijalapa.net\/noticias\/wp-json\/wp\/v2\/tags?post=2621"}],"curies":[{"name":"wp","href":"https:\/\/api.w.org\/{rel}","templated":true}]}}