{"id":26202,"date":"2025-07-29T11:00:16","date_gmt":"2025-07-29T11:00:16","guid":{"rendered":"https:\/\/www.notijalapa.net\/noticias\/?p=26202"},"modified":"2025-07-29T11:16:16","modified_gmt":"2025-07-29T11:16:16","slug":"cinco-personas-terminaron-tras-las-rejas-durante-el-fin-de-semana","status":"publish","type":"post","link":"https:\/\/www.notijalapa.net\/noticias\/2025\/07\/29\/cinco-personas-terminaron-tras-las-rejas-durante-el-fin-de-semana\/","title":{"rendered":"Cinco personas terminaron tras las rejas durante el fin de semana"},"content":{"rendered":"<p>El Ministerio de Gobernaci\u00f3n a trav\u00e9s de la Polic\u00eda Nacional Civil realizaron la captura de 5 personas por cometer diferentes delitos y faltas durante el fin de semana.<\/p>\n<p><a href=\"https:\/\/www.notijalapa.net\/noticias\/2025\/07\/29\/buscan-con-las-capacitaciones-tener-una-cultura-de-conservacion-de-insumos\/\">MIRA: Buscan con las capacitaciones tener una cultura de conservaci\u00f3n de insumos<\/a><\/p>\n<p>Seg\u00fan Jos\u00e9 Morales de la oficina de comunicaci\u00f3n social de PNC, tambi\u00e9n una motocicleta fue recuperada con reporte de robo. Entre las capturas m\u00e1s relevante destaca la de dos hermanos por cometer el delito de lesiones graves, fueron identificados como Francisco Mel\u00e9ndez G\u00f3mez; de 51 a\u00f1os y Ra\u00fal Mel\u00e9ndez G\u00f3mez; de 45, dicha captura fue realizada en la aldea Soledad El Colorado, del municipio de Mataquescuintla, Jalapa.<\/p>\n<p><iframe loading=\"lazy\" title=\"Cinco personas terminaron tras las rejas durante el fin de semana\" width=\"640\" height=\"360\" src=\"https:\/\/www.youtube.com\/embed\/gGCiRUj_h6g?feature=oembed\" frameborder=\"0\" allow=\"accelerometer; autoplay; clipboard-write; encrypted-media; gyroscope; picture-in-picture; web-share\" referrerpolicy=\"strict-origin-when-cross-origin\" allowfullscreen><\/iframe><\/p>\n<p>Las personas antes mencionadas tienen \u00f3rdenes de captura giradas por el Juzgado de Primera Instancia Penal Narcoactividad y Delitos Contra el Ambiente de Jalapa, desde el 22 de julio del a\u00f1o en curso, son presuntos responsables de participar en un hecho suscitado el 20 de abril del 2025, en donde un hombre result\u00f3 herido por arma blanca en la aldea Aguacate, del municipio de Mataquescuintla.<\/p>\n<p style=\"text-align: center;\"><iframe loading=\"lazy\" style=\"border: none; overflow: hidden;\" src=\"https:\/\/www.facebook.com\/plugins\/post.php?href=https%3A%2F%2Fwww.facebook.com%2Fpermalink.php%3Fstory_fbid%3Dpfbid09uqkBphnFFrWUh2KkzHs7LtCwc96EshzN98h7iVQDYj3FsPeYUeEanrXZxtkCFBMl%26id%3D100083158940816&amp;show_text=true&amp;width=500\" width=\"500\" height=\"506\" frameborder=\"0\" scrolling=\"no\" allowfullscreen=\"allowfullscreen\"><\/iframe><\/p>\n","protected":false},"excerpt":{"rendered":"<p>El Ministerio de Gobernaci\u00f3n a trav\u00e9s de la Polic\u00eda Nacional Civil realizaron la captura de 5 personas por cometer diferentes delitos y faltas durante el fin de semana. MIRA: Buscan con las capacitaciones tener una cultura de conservaci\u00f3n de insumos Seg\u00fan Jos\u00e9 Morales de la oficina de comunicaci\u00f3n social de PNC, tambi\u00e9n una motocicleta fue recuperada con reporte de robo. Entre las capturas m\u00e1s relevante destaca la de dos hermanos por cometer el delito de lesiones graves, fueron identificados como Francisco Mel\u00e9ndez G\u00f3mez; de 51 a\u00f1os y Ra\u00fal Mel\u00e9ndez G\u00f3mez;&hellip;<\/p>\n","protected":false},"author":2,"featured_media":26196,"comment_status":"open","ping_status":"open","sticky":false,"template":"","format":"standard","meta":{"footnotes":""},"categories":[3],"tags":[9655,6939],"class_list":["post-26202","post","type-post","status-publish","format-standard","has-post-thumbnail","hentry","category-locales","tag-cinco-personas-terminaron-tras-las-rejas","tag-durante-el-fin-de-semana"],"gutentor_comment":0,"_links":{"self":[{"href":"https:\/\/www.notijalapa.net\/noticias\/wp-json\/wp\/v2\/posts\/26202","targetHints":{"allow":["GET"]}}],"collection":[{"href":"https:\/\/www.notijalapa.net\/noticias\/wp-json\/wp\/v2\/posts"}],"about":[{"href":"https:\/\/www.notijalapa.net\/noticias\/wp-json\/wp\/v2\/types\/post"}],"author":[{"embeddable":true,"href":"https:\/\/www.notijalapa.net\/noticias\/wp-json\/wp\/v2\/users\/2"}],"replies":[{"embeddable":true,"href":"https:\/\/www.notijalapa.net\/noticias\/wp-json\/wp\/v2\/comments?post=26202"}],"version-history":[{"count":2,"href":"https:\/\/www.notijalapa.net\/noticias\/wp-json\/wp\/v2\/posts\/26202\/revisions"}],"predecessor-version":[{"id":26214,"href":"https:\/\/www.notijalapa.net\/noticias\/wp-json\/wp\/v2\/posts\/26202\/revisions\/26214"}],"wp:featuredmedia":[{"embeddable":true,"href":"https:\/\/www.notijalapa.net\/noticias\/wp-json\/wp\/v2\/media\/26196"}],"wp:attachment":[{"href":"https:\/\/www.notijalapa.net\/noticias\/wp-json\/wp\/v2\/media?parent=26202"}],"wp:term":[{"taxonomy":"category","embeddable":true,"href":"https:\/\/www.notijalapa.net\/noticias\/wp-json\/wp\/v2\/categories?post=26202"},{"taxonomy":"post_tag","embeddable":true,"href":"https:\/\/www.notijalapa.net\/noticias\/wp-json\/wp\/v2\/tags?post=26202"}],"curies":[{"name":"wp","href":"https:\/\/api.w.org\/{rel}","templated":true}]}}