{"id":26129,"date":"2025-07-24T10:51:21","date_gmt":"2025-07-24T10:51:21","guid":{"rendered":"https:\/\/www.notijalapa.net\/noticias\/?p=26129"},"modified":"2025-07-24T11:06:25","modified_gmt":"2025-07-24T11:06:25","slug":"planifican-realizar-la-feria-anual-del-melocoton","status":"publish","type":"post","link":"https:\/\/www.notijalapa.net\/noticias\/2025\/07\/24\/planifican-realizar-la-feria-anual-del-melocoton\/","title":{"rendered":"Planifican realizar la feria anual del melocot\u00f3n"},"content":{"rendered":"<p>La feria del melocot\u00f3n la tienen programada para el mes de agosto, y est\u00e1n ya en su planificaci\u00f3n porque es un producto que identifica a nuestro departamento, seg\u00fan lo manifest\u00f3 el Lic. Marlon Ju\u00e1rez delegado del ministerio de econom\u00eda.<\/p>\n<p><a href=\"https:\/\/www.notijalapa.net\/noticias\/2025\/07\/24\/tendran-los-juegos-nacionales-y-escolares-de-forma-casi-simultaneas\/\">MIRA: Tendr\u00e1n los juegos nacionales y escolares de forma casi simult\u00e1neas<\/a><\/p>\n<p>Recordemos que en esta feria entran todos los derivados que se realizan con el melocot\u00f3n, esperan realizarla el pr\u00f3ximo mes, que ya se empieza a tener este producto en el departamento de Jalapa.<\/p>\n<p><iframe loading=\"lazy\" title=\"Planifican realizar la feria anual del melocot\u00f3n\" width=\"640\" height=\"360\" src=\"https:\/\/www.youtube.com\/embed\/L2ECMR8QpkA?feature=oembed\" frameborder=\"0\" allow=\"accelerometer; autoplay; clipboard-write; encrypted-media; gyroscope; picture-in-picture; web-share\" referrerpolicy=\"strict-origin-when-cross-origin\" allowfullscreen><\/iframe><\/p>\n<p>Han tenido participaci\u00f3n de 25 emprendedores que se dedican al cultivo y al proceso del melocot\u00f3n, pero para este a\u00f1o quieren hacerlo un poco m\u00e1s grande y la gente ya espera el d\u00eda del melocot\u00f3n, que se realizar\u00e1 siempre en el parque central de Jalapa.<\/p>\n<p style=\"text-align: center;\"><iframe loading=\"lazy\" style=\"border: none; overflow: hidden;\" src=\"https:\/\/www.facebook.com\/plugins\/post.php?href=https%3A%2F%2Fwww.facebook.com%2Fpermalink.php%3Fstory_fbid%3Dpfbid02GD9LieGwVhAXLHc6TV2GNzgrYwYLBBZpwkWp1koFCmiqBWEo8enCjZfCaGAHuWMol%26id%3D100083158940816&amp;show_text=true&amp;width=500\" width=\"500\" height=\"525\" frameborder=\"0\" scrolling=\"no\" allowfullscreen=\"allowfullscreen\"><\/iframe><\/p>\n","protected":false},"excerpt":{"rendered":"<p>La feria del melocot\u00f3n la tienen programada para el mes de agosto, y est\u00e1n ya en su planificaci\u00f3n porque es un producto que identifica a nuestro departamento, seg\u00fan lo manifest\u00f3 el Lic. Marlon Ju\u00e1rez delegado del ministerio de econom\u00eda. MIRA: Tendr\u00e1n los juegos nacionales y escolares de forma casi simult\u00e1neas Recordemos que en esta feria entran todos los derivados que se realizan con el melocot\u00f3n, esperan realizarla el pr\u00f3ximo mes, que ya se empieza a tener este producto en el departamento de Jalapa. Han tenido participaci\u00f3n de 25 emprendedores que&hellip;<\/p>\n","protected":false},"author":2,"featured_media":26122,"comment_status":"open","ping_status":"open","sticky":false,"template":"","format":"standard","meta":{"footnotes":""},"categories":[3],"tags":[9622,9621],"class_list":["post-26129","post","type-post","status-publish","format-standard","has-post-thumbnail","hentry","category-locales","tag-anual-del-melocoton","tag-planifican-realizar-la-feria"],"gutentor_comment":0,"_links":{"self":[{"href":"https:\/\/www.notijalapa.net\/noticias\/wp-json\/wp\/v2\/posts\/26129","targetHints":{"allow":["GET"]}}],"collection":[{"href":"https:\/\/www.notijalapa.net\/noticias\/wp-json\/wp\/v2\/posts"}],"about":[{"href":"https:\/\/www.notijalapa.net\/noticias\/wp-json\/wp\/v2\/types\/post"}],"author":[{"embeddable":true,"href":"https:\/\/www.notijalapa.net\/noticias\/wp-json\/wp\/v2\/users\/2"}],"replies":[{"embeddable":true,"href":"https:\/\/www.notijalapa.net\/noticias\/wp-json\/wp\/v2\/comments?post=26129"}],"version-history":[{"count":2,"href":"https:\/\/www.notijalapa.net\/noticias\/wp-json\/wp\/v2\/posts\/26129\/revisions"}],"predecessor-version":[{"id":26138,"href":"https:\/\/www.notijalapa.net\/noticias\/wp-json\/wp\/v2\/posts\/26129\/revisions\/26138"}],"wp:featuredmedia":[{"embeddable":true,"href":"https:\/\/www.notijalapa.net\/noticias\/wp-json\/wp\/v2\/media\/26122"}],"wp:attachment":[{"href":"https:\/\/www.notijalapa.net\/noticias\/wp-json\/wp\/v2\/media?parent=26129"}],"wp:term":[{"taxonomy":"category","embeddable":true,"href":"https:\/\/www.notijalapa.net\/noticias\/wp-json\/wp\/v2\/categories?post=26129"},{"taxonomy":"post_tag","embeddable":true,"href":"https:\/\/www.notijalapa.net\/noticias\/wp-json\/wp\/v2\/tags?post=26129"}],"curies":[{"name":"wp","href":"https:\/\/api.w.org\/{rel}","templated":true}]}}