{"id":26055,"date":"2025-07-19T12:56:36","date_gmt":"2025-07-19T12:56:36","guid":{"rendered":"https:\/\/www.notijalapa.net\/noticias\/?p=26055"},"modified":"2025-07-19T13:21:34","modified_gmt":"2025-07-19T13:21:34","slug":"sera-que-la-gobernadora-esta-a-favor-de-energuate-y-no-del-pueblo","status":"publish","type":"post","link":"https:\/\/www.notijalapa.net\/noticias\/2025\/07\/19\/sera-que-la-gobernadora-esta-a-favor-de-energuate-y-no-del-pueblo\/","title":{"rendered":"\u00bfSer\u00e1 que la gobernadora est\u00e1 a favor de Energuate y no del pueblo?"},"content":{"rendered":"<p>Con la reuni\u00f3n de la problem\u00e1tica de la falta de energ\u00eda el\u00e9ctrica en la comunidad de El Camar\u00f3n unos vecinos de ese lugar nos comentaron que observaron que la gobernadora estaba parcializada a favor de la empresa, entrevistamos a la Licda. Cecilia Isabel Aguirre Auxiliar del Procurador de los Derechos Humanos quien manifest\u00f3 que, como funcionarios p\u00fablicos son responsables de generar paz y una convivencia pac\u00edfica.<\/p>\n<p><a href=\"https:\/\/www.notijalapa.net\/noticias\/2025\/07\/19\/el-ministerio-de-educacion-debe-garantizar-los-185-dias-de-clases\/\">MIRA: El ministerio de educaci\u00f3n debe garantizar los 185 d\u00edas de clases<\/a><\/p>\n<p>Si hay denuncias y llegan a la auxiliatura departamental de Jalapa se van a investigar, toda vez que desde gobernaci\u00f3n departamental debe de buscarse el bien com\u00fan, la paz y deben ser objetivos con los procesos que se llevan.<\/p>\n<p><iframe loading=\"lazy\" title=\"Ser\u00e1 que la gobernadora est\u00e1 a favor de Energuate y no del pueblo\" width=\"640\" height=\"360\" src=\"https:\/\/www.youtube.com\/embed\/hViYUlQQRRk?feature=oembed\" frameborder=\"0\" allow=\"accelerometer; autoplay; clipboard-write; encrypted-media; gyroscope; picture-in-picture; web-share\" referrerpolicy=\"strict-origin-when-cross-origin\" allowfullscreen><\/iframe><\/p>\n<p>Invitan a la poblaci\u00f3n jalapaneca que han sido victimas de decisiones arbitrarias o decisiones que no son apegadas a la ley, para que se acerquen con ellos, para denunciar y darle el seguimiento que en materia de derechos humanos le corresponde.<\/p>\n<p style=\"text-align: center;\"><iframe loading=\"lazy\" style=\"border: none; overflow: hidden;\" src=\"https:\/\/www.facebook.com\/plugins\/post.php?href=https%3A%2F%2Fwww.facebook.com%2Fpermalink.php%3Fstory_fbid%3Dpfbid0UqWJfYb9XzZQAAS14CsGuoegcbiaHGEX663PLQADHQdPUjkt43inXhoYFQHDtdR3l%26id%3D100083158940816&amp;show_text=true&amp;width=500\" width=\"500\" height=\"755\" frameborder=\"0\" scrolling=\"no\" allowfullscreen=\"allowfullscreen\"><\/iframe><\/p>\n","protected":false},"excerpt":{"rendered":"<p>Con la reuni\u00f3n de la problem\u00e1tica de la falta de energ\u00eda el\u00e9ctrica en la comunidad de El Camar\u00f3n unos vecinos de ese lugar nos comentaron que observaron que la gobernadora estaba parcializada a favor de la empresa, entrevistamos a la Licda. Cecilia Isabel Aguirre Auxiliar del Procurador de los Derechos Humanos quien manifest\u00f3 que, como funcionarios p\u00fablicos son responsables de generar paz y una convivencia pac\u00edfica. MIRA: El ministerio de educaci\u00f3n debe garantizar los 185 d\u00edas de clases Si hay denuncias y llegan a la auxiliatura departamental de Jalapa se&hellip;<\/p>\n","protected":false},"author":2,"featured_media":26050,"comment_status":"open","ping_status":"open","sticky":false,"template":"","format":"standard","meta":{"footnotes":""},"categories":[3],"tags":[9584,9583],"class_list":["post-26055","post","type-post","status-publish","format-standard","has-post-thumbnail","hentry","category-locales","tag-de-energuate-y-no-del-pueblo","tag-sera-que-la-gobernadora-esta-a-favor"],"gutentor_comment":0,"_links":{"self":[{"href":"https:\/\/www.notijalapa.net\/noticias\/wp-json\/wp\/v2\/posts\/26055","targetHints":{"allow":["GET"]}}],"collection":[{"href":"https:\/\/www.notijalapa.net\/noticias\/wp-json\/wp\/v2\/posts"}],"about":[{"href":"https:\/\/www.notijalapa.net\/noticias\/wp-json\/wp\/v2\/types\/post"}],"author":[{"embeddable":true,"href":"https:\/\/www.notijalapa.net\/noticias\/wp-json\/wp\/v2\/users\/2"}],"replies":[{"embeddable":true,"href":"https:\/\/www.notijalapa.net\/noticias\/wp-json\/wp\/v2\/comments?post=26055"}],"version-history":[{"count":2,"href":"https:\/\/www.notijalapa.net\/noticias\/wp-json\/wp\/v2\/posts\/26055\/revisions"}],"predecessor-version":[{"id":26070,"href":"https:\/\/www.notijalapa.net\/noticias\/wp-json\/wp\/v2\/posts\/26055\/revisions\/26070"}],"wp:featuredmedia":[{"embeddable":true,"href":"https:\/\/www.notijalapa.net\/noticias\/wp-json\/wp\/v2\/media\/26050"}],"wp:attachment":[{"href":"https:\/\/www.notijalapa.net\/noticias\/wp-json\/wp\/v2\/media?parent=26055"}],"wp:term":[{"taxonomy":"category","embeddable":true,"href":"https:\/\/www.notijalapa.net\/noticias\/wp-json\/wp\/v2\/categories?post=26055"},{"taxonomy":"post_tag","embeddable":true,"href":"https:\/\/www.notijalapa.net\/noticias\/wp-json\/wp\/v2\/tags?post=26055"}],"curies":[{"name":"wp","href":"https:\/\/api.w.org\/{rel}","templated":true}]}}