{"id":2594,"date":"2022-01-15T13:11:04","date_gmt":"2022-01-15T13:11:04","guid":{"rendered":"https:\/\/www.notijalapa.net\/noticias\/?p=2594"},"modified":"2022-01-15T13:22:57","modified_gmt":"2022-01-15T13:22:57","slug":"supervisaran-como-trabajaran-en-la-educacion-este-ano","status":"publish","type":"post","link":"https:\/\/www.notijalapa.net\/noticias\/2022\/01\/15\/supervisaran-como-trabajaran-en-la-educacion-este-ano\/","title":{"rendered":"Supervisaran como trabajaran en la educaci\u00f3n este a\u00f1o"},"content":{"rendered":"<p>Para este a\u00f1o iniciaran con la supervisi\u00f3n a la educaci\u00f3n del departamento de Jalapa, han escuchado a la ministra de educaci\u00f3n que el ciclo escolar iniciara de manera hibrida, esto dependiendo del color del sem\u00e1foro epidemiol\u00f3gico, seg\u00fan lo dio a conocer la Licda. Cecilia Isabel Aguirre Auxiliar del Procurador de los Derechos Humanos en Jalapa.<\/p>\n<p><a href=\"https:\/\/www.notijalapa.net\/noticias\/2022\/01\/15\/solo-en-esta-semana-76-personas-dieron-positivo-a-covid-19\/\">MIRA: Solo en esta semana 76 personas dieron positivo a Covid-19<\/a><\/p>\n<div class=\"entry-meta\"><\/div>\n<p>Si los municipios est\u00e1n en color verde o amarillo las clases se podr\u00e1n normalizar y en anaranjado ser\u00e1n por aforos, supervisaran cuales son las estrategias educativas y administrativas y como estar\u00e1n dando estos aportes a los maestros y a los ni\u00f1os, para que mejore la calidad educativa.<\/p>\n<p><iframe loading=\"lazy\" title=\"Supervisaran Como Trabajaran En La Educaci\u00f3n Este A\u00f1o 1\" width=\"640\" height=\"360\" src=\"https:\/\/www.youtube.com\/embed\/sURFhbjyMtU?feature=oembed\" frameborder=\"0\" allow=\"accelerometer; autoplay; clipboard-write; encrypted-media; gyroscope; picture-in-picture; web-share\" referrerpolicy=\"strict-origin-when-cross-origin\" allowfullscreen><\/iframe><\/p>\n<p>Sabemos que en tiempos de pandemia lamentablemente la calidad educativa en el pa\u00eds fue muy baja, es muy importante que las personas que se sientan vulnerables en sus derechos coloquen su denuncia y est\u00e1 la pueden hacer a trav\u00e9s de los n\u00fameros telef\u00f3nicos 2424-1717, al correo el\u00e9ctrico <a href=\"mailto:Auxjal@pdh.ong.gt\">Auxjal@pdh.ong.gt<\/a> y el 1555.<\/p>\n<p style=\"text-align: center;\"><iframe loading=\"lazy\" style=\"border: none; overflow: hidden;\" src=\"https:\/\/www.facebook.com\/plugins\/post.php?href=https%3A%2F%2Fwww.facebook.com%2Fpermalink.php%3Fstory_fbid%3D4778492965600150%26id%3D541551329294356&amp;show_text=true&amp;width=500\" width=\"500\" height=\"773\" frameborder=\"0\" scrolling=\"no\" allowfullscreen=\"allowfullscreen\"><\/iframe><\/p>\n","protected":false},"excerpt":{"rendered":"<p>Para este a\u00f1o iniciaran con la supervisi\u00f3n a la educaci\u00f3n del departamento de Jalapa, han escuchado a la ministra de educaci\u00f3n que el ciclo escolar iniciara de manera hibrida, esto dependiendo del color del sem\u00e1foro epidemiol\u00f3gico, seg\u00fan lo dio a conocer la Licda. Cecilia Isabel Aguirre Auxiliar del Procurador de los Derechos Humanos en Jalapa. MIRA: Solo en esta semana 76 personas dieron positivo a Covid-19 Si los municipios est\u00e1n en color verde o amarillo las clases se podr\u00e1n normalizar y en anaranjado ser\u00e1n por aforos, supervisaran cuales son las&hellip;<\/p>\n","protected":false},"author":2,"featured_media":2582,"comment_status":"open","ping_status":"open","sticky":false,"template":"","format":"standard","meta":{"footnotes":""},"categories":[3],"tags":[513,512],"class_list":["post-2594","post","type-post","status-publish","format-standard","has-post-thumbnail","hentry","category-locales","tag-calidad-educativa","tag-supervision-a-la-educacion"],"gutentor_comment":0,"_links":{"self":[{"href":"https:\/\/www.notijalapa.net\/noticias\/wp-json\/wp\/v2\/posts\/2594","targetHints":{"allow":["GET"]}}],"collection":[{"href":"https:\/\/www.notijalapa.net\/noticias\/wp-json\/wp\/v2\/posts"}],"about":[{"href":"https:\/\/www.notijalapa.net\/noticias\/wp-json\/wp\/v2\/types\/post"}],"author":[{"embeddable":true,"href":"https:\/\/www.notijalapa.net\/noticias\/wp-json\/wp\/v2\/users\/2"}],"replies":[{"embeddable":true,"href":"https:\/\/www.notijalapa.net\/noticias\/wp-json\/wp\/v2\/comments?post=2594"}],"version-history":[{"count":2,"href":"https:\/\/www.notijalapa.net\/noticias\/wp-json\/wp\/v2\/posts\/2594\/revisions"}],"predecessor-version":[{"id":2600,"href":"https:\/\/www.notijalapa.net\/noticias\/wp-json\/wp\/v2\/posts\/2594\/revisions\/2600"}],"wp:featuredmedia":[{"embeddable":true,"href":"https:\/\/www.notijalapa.net\/noticias\/wp-json\/wp\/v2\/media\/2582"}],"wp:attachment":[{"href":"https:\/\/www.notijalapa.net\/noticias\/wp-json\/wp\/v2\/media?parent=2594"}],"wp:term":[{"taxonomy":"category","embeddable":true,"href":"https:\/\/www.notijalapa.net\/noticias\/wp-json\/wp\/v2\/categories?post=2594"},{"taxonomy":"post_tag","embeddable":true,"href":"https:\/\/www.notijalapa.net\/noticias\/wp-json\/wp\/v2\/tags?post=2594"}],"curies":[{"name":"wp","href":"https:\/\/api.w.org\/{rel}","templated":true}]}}