{"id":25892,"date":"2025-07-10T10:58:42","date_gmt":"2025-07-10T10:58:42","guid":{"rendered":"https:\/\/www.notijalapa.net\/noticias\/?p=25892"},"modified":"2025-07-10T11:11:05","modified_gmt":"2025-07-10T11:11:05","slug":"fueron-mas-de-350-los-que-corrieron-los-21k","status":"publish","type":"post","link":"https:\/\/www.notijalapa.net\/noticias\/2025\/07\/10\/fueron-mas-de-350-los-que-corrieron-los-21k\/","title":{"rendered":"Fueron m\u00e1s de 350 los que corrieron los 21k"},"content":{"rendered":"<p>Se hab\u00eda planificado para el 06 de julio la media marat\u00f3n de Jalapa, la cual contaba con 5K, 10K y 21K, con el recorrido que es muy atractivo, porque pasa por todos los barrios del municipio de Jalapa, seg\u00fan lo manifiesto Fernando Ju\u00e1rez parte de la Asociaci\u00f3n Soy T21.<\/p>\n<p><a href=\"https:\/\/www.notijalapa.net\/noticias\/2025\/07\/10\/por-golpear-a-una-adolescente-fue-llevado-a-prision\/\">MIRA: Por golpear a una adolescente fue llevado a prisi\u00f3n<\/a><\/p>\n<p>Se sienten muy contentos porque no hubo incidentes, no hubo mayor problema, todos los atletas que vinieron de diferentes partes del pa\u00eds se fueron contentos, porque el recorrido de Jalapa es muy bonito.<\/p>\n<p><iframe loading=\"lazy\" title=\"Fueron m\u00e1s de 350 los que corrieron los 21k\" width=\"640\" height=\"360\" src=\"https:\/\/www.youtube.com\/embed\/goQqxOrm4PI?feature=oembed\" frameborder=\"0\" allow=\"accelerometer; autoplay; clipboard-write; encrypted-media; gyroscope; picture-in-picture; web-share\" referrerpolicy=\"strict-origin-when-cross-origin\" allowfullscreen><\/iframe><\/p>\n<p>Los atletas respondieron al llamado, hubo atletas de diferentes departamentos y de diferentes pa\u00edses. Considera que esto se tiene que convertir en una tradici\u00f3n, a parte de todo tuvieron la respuesta de los vecinos jalapanecos, fueron a tocar puertas a familias honorables de los diferentes barrios para ver si les regalaban bolsas de agua y fruta.<\/p>\n<p>Esto tienen un doble prop\u00f3sito que los vecinos salieran a aplaudir a los corredores y tambi\u00e9n hidratar a los atletas, quienes se sintieron muy respaldados por los jalapanecos durante todo el recorrido, fueron m\u00e1s de 350 atletas los que corrieron.<\/p>\n<p style=\"text-align: center;\"><iframe loading=\"lazy\" style=\"border: none; overflow: hidden;\" src=\"https:\/\/www.facebook.com\/plugins\/post.php?href=https%3A%2F%2Fwww.facebook.com%2Fpermalink.php%3Fstory_fbid%3Dpfbid02R6PcPqEvGcJEZ9w2GLmc8vxN5kaocNn4vaqL8j4aHsChe6cpom7QjfD37i4AHe39l%26id%3D100083158940816&amp;show_text=true&amp;width=500\" width=\"500\" height=\"525\" frameborder=\"0\" scrolling=\"no\" allowfullscreen=\"allowfullscreen\"><\/iframe><\/p>\n","protected":false},"excerpt":{"rendered":"<p>Se hab\u00eda planificado para el 06 de julio la media marat\u00f3n de Jalapa, la cual contaba con 5K, 10K y 21K, con el recorrido que es muy atractivo, porque pasa por todos los barrios del municipio de Jalapa, seg\u00fan lo manifiesto Fernando Ju\u00e1rez parte de la Asociaci\u00f3n Soy T21. MIRA: Por golpear a una adolescente fue llevado a prisi\u00f3n Se sienten muy contentos porque no hubo incidentes, no hubo mayor problema, todos los atletas que vinieron de diferentes partes del pa\u00eds se fueron contentos, porque el recorrido de Jalapa es&hellip;<\/p>\n","protected":false},"author":2,"featured_media":25882,"comment_status":"open","ping_status":"open","sticky":false,"template":"","format":"standard","meta":{"footnotes":""},"categories":[3],"tags":[9511,9512],"class_list":["post-25892","post","type-post","status-publish","format-standard","has-post-thumbnail","hentry","category-locales","tag-fueron-mas-de-350-los","tag-que-corrieron-los-21k"],"gutentor_comment":0,"_links":{"self":[{"href":"https:\/\/www.notijalapa.net\/noticias\/wp-json\/wp\/v2\/posts\/25892","targetHints":{"allow":["GET"]}}],"collection":[{"href":"https:\/\/www.notijalapa.net\/noticias\/wp-json\/wp\/v2\/posts"}],"about":[{"href":"https:\/\/www.notijalapa.net\/noticias\/wp-json\/wp\/v2\/types\/post"}],"author":[{"embeddable":true,"href":"https:\/\/www.notijalapa.net\/noticias\/wp-json\/wp\/v2\/users\/2"}],"replies":[{"embeddable":true,"href":"https:\/\/www.notijalapa.net\/noticias\/wp-json\/wp\/v2\/comments?post=25892"}],"version-history":[{"count":3,"href":"https:\/\/www.notijalapa.net\/noticias\/wp-json\/wp\/v2\/posts\/25892\/revisions"}],"predecessor-version":[{"id":25895,"href":"https:\/\/www.notijalapa.net\/noticias\/wp-json\/wp\/v2\/posts\/25892\/revisions\/25895"}],"wp:featuredmedia":[{"embeddable":true,"href":"https:\/\/www.notijalapa.net\/noticias\/wp-json\/wp\/v2\/media\/25882"}],"wp:attachment":[{"href":"https:\/\/www.notijalapa.net\/noticias\/wp-json\/wp\/v2\/media?parent=25892"}],"wp:term":[{"taxonomy":"category","embeddable":true,"href":"https:\/\/www.notijalapa.net\/noticias\/wp-json\/wp\/v2\/categories?post=25892"},{"taxonomy":"post_tag","embeddable":true,"href":"https:\/\/www.notijalapa.net\/noticias\/wp-json\/wp\/v2\/tags?post=25892"}],"curies":[{"name":"wp","href":"https:\/\/api.w.org\/{rel}","templated":true}]}}