{"id":25890,"date":"2025-07-10T10:57:08","date_gmt":"2025-07-10T10:57:08","guid":{"rendered":"https:\/\/www.notijalapa.net\/noticias\/?p=25890"},"modified":"2025-07-10T11:12:07","modified_gmt":"2025-07-10T11:12:07","slug":"agentes-de-diprona-realizaran-jornada-de-reforestacion-para-celebrar-su-aniversario","status":"publish","type":"post","link":"https:\/\/www.notijalapa.net\/noticias\/2025\/07\/10\/agentes-de-diprona-realizaran-jornada-de-reforestacion-para-celebrar-su-aniversario\/","title":{"rendered":"Agentes de DIPRONA realizar\u00e1n jornada de reforestaci\u00f3n para celebrar su aniversario"},"content":{"rendered":"<p>En conmemoraci\u00f3n a los 28 a\u00f1os de la Polic\u00eda Nacional Civil, la Divisi\u00f3n de Protecci\u00f3n a la Naturaleza (DIPRONA), tienen contemplado para el 10 de julio una actividad de siembra de arbolitos, denominada \u201creforestando por amor y respeto a la naturaleza\u201d.<\/p>\n<p><a href=\"https:\/\/www.notijalapa.net\/noticias\/2025\/07\/10\/necesita-materiales-de-construccion-para-la-bodega-de-la-academia\/\">MIRA: Necesita materiales de construcci\u00f3n para la bodega de la academia<\/a><\/p>\n<p>Seg\u00fan Eswin G\u00f3mez de la oficina de comunicaci\u00f3n social de PNC; tienen contemplado la siembra de arbolitos en aldea El Cofitero, Jalapa, como parte de las diferentes actividades que se estar\u00e1n desarrollando en el marco del aniversario.<\/p>\n<p><iframe loading=\"lazy\" title=\"Agentes de DIPRONA realizar\u00e1n jornada de reforestaci\u00f3n para celebrar su aniversario\" width=\"640\" height=\"360\" src=\"https:\/\/www.youtube.com\/embed\/M-IWXfZ-LQs?feature=oembed\" frameborder=\"0\" allow=\"accelerometer; autoplay; clipboard-write; encrypted-media; gyroscope; picture-in-picture; web-share\" referrerpolicy=\"strict-origin-when-cross-origin\" allowfullscreen><\/iframe><\/p>\n<p>Estar\u00e1n realizando actividades recreativas, culturales y deportivas, para compartir con las personas y tambi\u00e9n entre ellos como agentes de las diferentes subestaciones que hay en el departamento.<\/p>\n<p style=\"text-align: center;\"><iframe loading=\"lazy\" style=\"border: none; overflow: hidden;\" src=\"https:\/\/www.facebook.com\/plugins\/post.php?href=https%3A%2F%2Fwww.facebook.com%2Fpermalink.php%3Fstory_fbid%3Dpfbid0tnSBxFdeU1SeHzyVjja37A6AUi1XggL3wVKmHMwHunj6s4NemysFRAVHFusH7Vr4l%26id%3D100083158940816&amp;show_text=true&amp;width=500\" width=\"500\" height=\"545\" frameborder=\"0\" scrolling=\"no\" allowfullscreen=\"allowfullscreen\"><\/iframe><\/p>\n","protected":false},"excerpt":{"rendered":"<p>En conmemoraci\u00f3n a los 28 a\u00f1os de la Polic\u00eda Nacional Civil, la Divisi\u00f3n de Protecci\u00f3n a la Naturaleza (DIPRONA), tienen contemplado para el 10 de julio una actividad de siembra de arbolitos, denominada \u201creforestando por amor y respeto a la naturaleza\u201d. MIRA: Necesita materiales de construcci\u00f3n para la bodega de la academia Seg\u00fan Eswin G\u00f3mez de la oficina de comunicaci\u00f3n social de PNC; tienen contemplado la siembra de arbolitos en aldea El Cofitero, Jalapa, como parte de las diferentes actividades que se estar\u00e1n desarrollando en el marco del aniversario. Estar\u00e1n&hellip;<\/p>\n","protected":false},"author":2,"featured_media":25879,"comment_status":"open","ping_status":"open","sticky":false,"template":"","format":"standard","meta":{"footnotes":""},"categories":[3],"tags":[9509,9510],"class_list":["post-25890","post","type-post","status-publish","format-standard","has-post-thumbnail","hentry","category-locales","tag-agentes-de-diprona-realizaran-jornada","tag-de-reforestacion-para-celebrar-su-aniversario"],"gutentor_comment":0,"_links":{"self":[{"href":"https:\/\/www.notijalapa.net\/noticias\/wp-json\/wp\/v2\/posts\/25890","targetHints":{"allow":["GET"]}}],"collection":[{"href":"https:\/\/www.notijalapa.net\/noticias\/wp-json\/wp\/v2\/posts"}],"about":[{"href":"https:\/\/www.notijalapa.net\/noticias\/wp-json\/wp\/v2\/types\/post"}],"author":[{"embeddable":true,"href":"https:\/\/www.notijalapa.net\/noticias\/wp-json\/wp\/v2\/users\/2"}],"replies":[{"embeddable":true,"href":"https:\/\/www.notijalapa.net\/noticias\/wp-json\/wp\/v2\/comments?post=25890"}],"version-history":[{"count":2,"href":"https:\/\/www.notijalapa.net\/noticias\/wp-json\/wp\/v2\/posts\/25890\/revisions"}],"predecessor-version":[{"id":25896,"href":"https:\/\/www.notijalapa.net\/noticias\/wp-json\/wp\/v2\/posts\/25890\/revisions\/25896"}],"wp:featuredmedia":[{"embeddable":true,"href":"https:\/\/www.notijalapa.net\/noticias\/wp-json\/wp\/v2\/media\/25879"}],"wp:attachment":[{"href":"https:\/\/www.notijalapa.net\/noticias\/wp-json\/wp\/v2\/media?parent=25890"}],"wp:term":[{"taxonomy":"category","embeddable":true,"href":"https:\/\/www.notijalapa.net\/noticias\/wp-json\/wp\/v2\/categories?post=25890"},{"taxonomy":"post_tag","embeddable":true,"href":"https:\/\/www.notijalapa.net\/noticias\/wp-json\/wp\/v2\/tags?post=25890"}],"curies":[{"name":"wp","href":"https:\/\/api.w.org\/{rel}","templated":true}]}}