{"id":25888,"date":"2025-07-10T10:56:37","date_gmt":"2025-07-10T10:56:37","guid":{"rendered":"https:\/\/www.notijalapa.net\/noticias\/?p=25888"},"modified":"2025-07-10T11:12:56","modified_gmt":"2025-07-10T11:12:56","slug":"buscara-recursos-para-que-las-instituciones-velen-por-la-tala-ilegal-de-arboles","status":"publish","type":"post","link":"https:\/\/www.notijalapa.net\/noticias\/2025\/07\/10\/buscara-recursos-para-que-las-instituciones-velen-por-la-tala-ilegal-de-arboles\/","title":{"rendered":"Buscar\u00e1 recursos para que las instituciones velen por la tala ilegal de \u00e1rboles"},"content":{"rendered":"<p>El tema de la tala de \u00e1rboles es muy preocupante, miramos nuestros bosques que cada d\u00eda est\u00e1n m\u00e1s mermados, siempre se ven superadas las autoridades en estos temas y lastimosamente las futuras generaciones van a tener esa consecuencia del mal manejo ambiental que estamos teniendo, seg\u00fan lo dio a conocer Jairo Orellana diputado por Jalapa.<\/p>\n<p><a href=\"https:\/\/www.notijalapa.net\/noticias\/2025\/07\/10\/por-violencia-contra-la-mujer-debera-enfrentar-la-justicia\/\">MIRA: Por violencia contra la mujer deber\u00e1 enfrentar la justicia<\/a><\/p>\n<p>Van a buscar la forma para tener ese acercamiento en el INAB para buscar herramientas, porque muchas veces se juzgan a las instituciones, pero tambi\u00e9n las mismas instituciones trabajan con muchas limitantes, con poco personal, sin recursos para hacer las debidas inspecciones.<\/p>\n<p><iframe loading=\"lazy\" title=\"Buscar\u00e1 recursos para que las instituciones velen por la tala ilegal de \u00e1rboles\" width=\"640\" height=\"360\" src=\"https:\/\/www.youtube.com\/embed\/MDH9KJ52rdY?feature=oembed\" frameborder=\"0\" allow=\"accelerometer; autoplay; clipboard-write; encrypted-media; gyroscope; picture-in-picture; web-share\" referrerpolicy=\"strict-origin-when-cross-origin\" allowfullscreen><\/iframe><\/p>\n<p>Es all\u00ed donde ellos como diputados pueden generar mejores condiciones para que se pueda contrarrestar esa tala inmoderada de \u00e1rboles que se tienen en el pa\u00eds, y eso ha sido hist\u00f3ricamente un problema en el departamento de Jalapa.<\/p>\n<p style=\"text-align: center;\"><iframe loading=\"lazy\" style=\"border: none; overflow: hidden;\" src=\"https:\/\/www.facebook.com\/plugins\/post.php?href=https%3A%2F%2Fwww.facebook.com%2Fpermalink.php%3Fstory_fbid%3Dpfbid028JEeLoN9NfhTdhrNfeMcog3joHX7pfK3KvWYqamfAHPFcpQps7pyjBo3cuCDCboal%26id%3D100083158940816&amp;show_text=true&amp;width=500\" width=\"500\" height=\"506\" frameborder=\"0\" scrolling=\"no\" allowfullscreen=\"allowfullscreen\"><\/iframe><\/p>\n","protected":false},"excerpt":{"rendered":"<p>El tema de la tala de \u00e1rboles es muy preocupante, miramos nuestros bosques que cada d\u00eda est\u00e1n m\u00e1s mermados, siempre se ven superadas las autoridades en estos temas y lastimosamente las futuras generaciones van a tener esa consecuencia del mal manejo ambiental que estamos teniendo, seg\u00fan lo dio a conocer Jairo Orellana diputado por Jalapa. MIRA: Por violencia contra la mujer deber\u00e1 enfrentar la justicia Van a buscar la forma para tener ese acercamiento en el INAB para buscar herramientas, porque muchas veces se juzgan a las instituciones, pero tambi\u00e9n&hellip;<\/p>\n","protected":false},"author":2,"featured_media":25881,"comment_status":"open","ping_status":"open","sticky":false,"template":"","format":"standard","meta":{"footnotes":""},"categories":[3],"tags":[9507,9508],"class_list":["post-25888","post","type-post","status-publish","format-standard","has-post-thumbnail","hentry","category-locales","tag-buscara-recursos-para-que-las-instituciones","tag-velen-por-la-tala-ilegal-de-arboles"],"gutentor_comment":0,"_links":{"self":[{"href":"https:\/\/www.notijalapa.net\/noticias\/wp-json\/wp\/v2\/posts\/25888","targetHints":{"allow":["GET"]}}],"collection":[{"href":"https:\/\/www.notijalapa.net\/noticias\/wp-json\/wp\/v2\/posts"}],"about":[{"href":"https:\/\/www.notijalapa.net\/noticias\/wp-json\/wp\/v2\/types\/post"}],"author":[{"embeddable":true,"href":"https:\/\/www.notijalapa.net\/noticias\/wp-json\/wp\/v2\/users\/2"}],"replies":[{"embeddable":true,"href":"https:\/\/www.notijalapa.net\/noticias\/wp-json\/wp\/v2\/comments?post=25888"}],"version-history":[{"count":2,"href":"https:\/\/www.notijalapa.net\/noticias\/wp-json\/wp\/v2\/posts\/25888\/revisions"}],"predecessor-version":[{"id":25897,"href":"https:\/\/www.notijalapa.net\/noticias\/wp-json\/wp\/v2\/posts\/25888\/revisions\/25897"}],"wp:featuredmedia":[{"embeddable":true,"href":"https:\/\/www.notijalapa.net\/noticias\/wp-json\/wp\/v2\/media\/25881"}],"wp:attachment":[{"href":"https:\/\/www.notijalapa.net\/noticias\/wp-json\/wp\/v2\/media?parent=25888"}],"wp:term":[{"taxonomy":"category","embeddable":true,"href":"https:\/\/www.notijalapa.net\/noticias\/wp-json\/wp\/v2\/categories?post=25888"},{"taxonomy":"post_tag","embeddable":true,"href":"https:\/\/www.notijalapa.net\/noticias\/wp-json\/wp\/v2\/tags?post=25888"}],"curies":[{"name":"wp","href":"https:\/\/api.w.org\/{rel}","templated":true}]}}