{"id":25886,"date":"2025-07-10T10:56:10","date_gmt":"2025-07-10T10:56:10","guid":{"rendered":"https:\/\/www.notijalapa.net\/noticias\/?p=25886"},"modified":"2025-07-10T11:13:56","modified_gmt":"2025-07-10T11:13:56","slug":"por-violencia-contra-la-mujer-debera-enfrentar-la-justicia","status":"publish","type":"post","link":"https:\/\/www.notijalapa.net\/noticias\/2025\/07\/10\/por-violencia-contra-la-mujer-debera-enfrentar-la-justicia\/","title":{"rendered":"Por violencia contra la mujer deber\u00e1 enfrentar la justicia"},"content":{"rendered":"<p>En aldea Palo Verde Jalapa, agentes de la Polic\u00eda Nacional Civil realizaron la detenci\u00f3n del se\u00f1or Paulino Mu\u00f1oz Ram\u00edrez; de 38 a\u00f1os, esto d\u00e1ndole seguimiento a una orden de captura vigente girada en su contra.<\/p>\n<p><a href=\"https:\/\/www.notijalapa.net\/noticias\/2025\/07\/10\/buscara-recursos-para-que-las-instituciones-velen-por-la-tala-ilegal-de-arboles\/\">MIRA: Buscar\u00e1 recursos para que las instituciones velen por la tala ilegal de \u00e1rboles<\/a><\/p>\n<p>Seg\u00fan Eswin G\u00f3mez de la oficina de comunicaci\u00f3n social de PNC; esta persona era requerida por el delito de violencia contra la mujer, en su manifestaci\u00f3n f\u00edsica en el \u00e1mbito privado, de fecha 22 de febrero del a\u00f1o 2024.<\/p>\n<p><iframe loading=\"lazy\" title=\"Por violencia contra la mujer deber\u00e1 enfrentar la justicia\" width=\"640\" height=\"360\" src=\"https:\/\/www.youtube.com\/embed\/f35If_Juqdg?feature=oembed\" frameborder=\"0\" allow=\"accelerometer; autoplay; clipboard-write; encrypted-media; gyroscope; picture-in-picture; web-share\" referrerpolicy=\"strict-origin-when-cross-origin\" allowfullscreen><\/iframe><\/p>\n<p>Cabe mencionar que, el hoy detenido tiene un antecedente por este mismo delito, los operativos continuar\u00e1n en el departamento de Jalapa, para darle cumplimiento a las \u00f3rdenes de capturada que las personas tienen vigentes.<\/p>\n<p style=\"text-align: center;\"><iframe loading=\"lazy\" style=\"border: none; overflow: hidden;\" src=\"https:\/\/www.facebook.com\/plugins\/post.php?href=https%3A%2F%2Fwww.facebook.com%2Fpermalink.php%3Fstory_fbid%3Dpfbid0ScJh2Chf3KbE4p5UHjNNSXE5Z36BcxSq5ecSBULKQgCyz7GXKiFMt5Qu8GsfrfGil%26id%3D100083158940816&amp;show_text=true&amp;width=500\" width=\"500\" height=\"525\" frameborder=\"0\" scrolling=\"no\" allowfullscreen=\"allowfullscreen\"><\/iframe><\/p>\n","protected":false},"excerpt":{"rendered":"<p>En aldea Palo Verde Jalapa, agentes de la Polic\u00eda Nacional Civil realizaron la detenci\u00f3n del se\u00f1or Paulino Mu\u00f1oz Ram\u00edrez; de 38 a\u00f1os, esto d\u00e1ndole seguimiento a una orden de captura vigente girada en su contra. MIRA: Buscar\u00e1 recursos para que las instituciones velen por la tala ilegal de \u00e1rboles Seg\u00fan Eswin G\u00f3mez de la oficina de comunicaci\u00f3n social de PNC; esta persona era requerida por el delito de violencia contra la mujer, en su manifestaci\u00f3n f\u00edsica en el \u00e1mbito privado, de fecha 22 de febrero del a\u00f1o 2024. Cabe mencionar&hellip;<\/p>\n","protected":false},"author":2,"featured_media":25879,"comment_status":"open","ping_status":"open","sticky":false,"template":"","format":"standard","meta":{"footnotes":""},"categories":[3],"tags":[9506,2695],"class_list":["post-25886","post","type-post","status-publish","format-standard","has-post-thumbnail","hentry","category-locales","tag-debera-enfrentar-la-justicia","tag-por-violencia-contra-la-mujer"],"gutentor_comment":0,"_links":{"self":[{"href":"https:\/\/www.notijalapa.net\/noticias\/wp-json\/wp\/v2\/posts\/25886","targetHints":{"allow":["GET"]}}],"collection":[{"href":"https:\/\/www.notijalapa.net\/noticias\/wp-json\/wp\/v2\/posts"}],"about":[{"href":"https:\/\/www.notijalapa.net\/noticias\/wp-json\/wp\/v2\/types\/post"}],"author":[{"embeddable":true,"href":"https:\/\/www.notijalapa.net\/noticias\/wp-json\/wp\/v2\/users\/2"}],"replies":[{"embeddable":true,"href":"https:\/\/www.notijalapa.net\/noticias\/wp-json\/wp\/v2\/comments?post=25886"}],"version-history":[{"count":2,"href":"https:\/\/www.notijalapa.net\/noticias\/wp-json\/wp\/v2\/posts\/25886\/revisions"}],"predecessor-version":[{"id":25898,"href":"https:\/\/www.notijalapa.net\/noticias\/wp-json\/wp\/v2\/posts\/25886\/revisions\/25898"}],"wp:featuredmedia":[{"embeddable":true,"href":"https:\/\/www.notijalapa.net\/noticias\/wp-json\/wp\/v2\/media\/25879"}],"wp:attachment":[{"href":"https:\/\/www.notijalapa.net\/noticias\/wp-json\/wp\/v2\/media?parent=25886"}],"wp:term":[{"taxonomy":"category","embeddable":true,"href":"https:\/\/www.notijalapa.net\/noticias\/wp-json\/wp\/v2\/categories?post=25886"},{"taxonomy":"post_tag","embeddable":true,"href":"https:\/\/www.notijalapa.net\/noticias\/wp-json\/wp\/v2\/tags?post=25886"}],"curies":[{"name":"wp","href":"https:\/\/api.w.org\/{rel}","templated":true}]}}