{"id":25878,"date":"2025-07-10T10:55:10","date_gmt":"2025-07-10T10:55:10","guid":{"rendered":"https:\/\/www.notijalapa.net\/noticias\/?p=25878"},"modified":"2025-07-10T11:15:41","modified_gmt":"2025-07-10T11:15:41","slug":"por-golpear-a-una-adolescente-fue-llevado-a-prision","status":"publish","type":"post","link":"https:\/\/www.notijalapa.net\/noticias\/2025\/07\/10\/por-golpear-a-una-adolescente-fue-llevado-a-prision\/","title":{"rendered":"Por golpear a una adolescente fue llevado a prisi\u00f3n"},"content":{"rendered":"<p>Gracias a la denuncia ciudadana, en aldea Palo Verde agentes de la Polic\u00eda Nacional Civil realizaron la detenci\u00f3n del se\u00f1or Fredy L\u00f3pez y L\u00f3pez; de 23 a\u00f1os, quien es acusado de ingresar a una vivienda.<\/p>\n<p><a href=\"https:\/\/www.notijalapa.net\/noticias\/2025\/07\/10\/fueron-mas-de-350-los-que-corrieron-los-21k\/\">MIRA: Fueron m\u00e1s de 350 los que corrieron los 21k<\/a><\/p>\n<p>Seg\u00fan Eswin G\u00f3mez de la oficina de comunicaci\u00f3n social de PNC; el hoy detenido es presunto responsable de haber ingresado con lujo de violencia a la vivienda de una menor de 17 a\u00f1os, a quien golpe\u00f3.<\/p>\n<p><iframe loading=\"lazy\" title=\"Por golpear a una adolescente fue llevado a prisi\u00f3n\" width=\"640\" height=\"360\" src=\"https:\/\/www.youtube.com\/embed\/OfKTrhRdczE?feature=oembed\" frameborder=\"0\" allow=\"accelerometer; autoplay; clipboard-write; encrypted-media; gyroscope; picture-in-picture; web-share\" referrerpolicy=\"strict-origin-when-cross-origin\" allowfullscreen><\/iframe><\/p>\n<p>La denuncia fue interpuesta por la progenitora de la menor, quien inmediatamente llam\u00f3 a los agentes de PNC, por tal motivo el hoy detenido fue puesto a disposici\u00f3n de los tribunales correspondientes.<\/p>\n<p style=\"text-align: center;\"><iframe loading=\"lazy\" style=\"border: none; overflow: hidden;\" src=\"https:\/\/www.facebook.com\/plugins\/post.php?href=https%3A%2F%2Fwww.facebook.com%2Fpermalink.php%3Fstory_fbid%3Dpfbid0dm3jzQEzqqFxruAf4MZEgsX7SgwQfENqpoUyaYyu81yry4a4BLjHAaXfsCKfYeVql%26id%3D100083158940816&amp;show_text=true&amp;width=500\" width=\"500\" height=\"755\" frameborder=\"0\" scrolling=\"no\" allowfullscreen=\"allowfullscreen\"><\/iframe><\/p>\n","protected":false},"excerpt":{"rendered":"<p>Gracias a la denuncia ciudadana, en aldea Palo Verde agentes de la Polic\u00eda Nacional Civil realizaron la detenci\u00f3n del se\u00f1or Fredy L\u00f3pez y L\u00f3pez; de 23 a\u00f1os, quien es acusado de ingresar a una vivienda. MIRA: Fueron m\u00e1s de 350 los que corrieron los 21k Seg\u00fan Eswin G\u00f3mez de la oficina de comunicaci\u00f3n social de PNC; el hoy detenido es presunto responsable de haber ingresado con lujo de violencia a la vivienda de una menor de 17 a\u00f1os, a quien golpe\u00f3. La denuncia fue interpuesta por la progenitora de la&hellip;<\/p>\n","protected":false},"author":2,"featured_media":25879,"comment_status":"open","ping_status":"open","sticky":false,"template":"","format":"standard","meta":{"footnotes":""},"categories":[3],"tags":[5868,9503],"class_list":["post-25878","post","type-post","status-publish","format-standard","has-post-thumbnail","hentry","category-locales","tag-fue-llevado-a-prision","tag-por-golpear-a-una-adolescente"],"gutentor_comment":0,"_links":{"self":[{"href":"https:\/\/www.notijalapa.net\/noticias\/wp-json\/wp\/v2\/posts\/25878","targetHints":{"allow":["GET"]}}],"collection":[{"href":"https:\/\/www.notijalapa.net\/noticias\/wp-json\/wp\/v2\/posts"}],"about":[{"href":"https:\/\/www.notijalapa.net\/noticias\/wp-json\/wp\/v2\/types\/post"}],"author":[{"embeddable":true,"href":"https:\/\/www.notijalapa.net\/noticias\/wp-json\/wp\/v2\/users\/2"}],"replies":[{"embeddable":true,"href":"https:\/\/www.notijalapa.net\/noticias\/wp-json\/wp\/v2\/comments?post=25878"}],"version-history":[{"count":2,"href":"https:\/\/www.notijalapa.net\/noticias\/wp-json\/wp\/v2\/posts\/25878\/revisions"}],"predecessor-version":[{"id":25900,"href":"https:\/\/www.notijalapa.net\/noticias\/wp-json\/wp\/v2\/posts\/25878\/revisions\/25900"}],"wp:featuredmedia":[{"embeddable":true,"href":"https:\/\/www.notijalapa.net\/noticias\/wp-json\/wp\/v2\/media\/25879"}],"wp:attachment":[{"href":"https:\/\/www.notijalapa.net\/noticias\/wp-json\/wp\/v2\/media?parent=25878"}],"wp:term":[{"taxonomy":"category","embeddable":true,"href":"https:\/\/www.notijalapa.net\/noticias\/wp-json\/wp\/v2\/categories?post=25878"},{"taxonomy":"post_tag","embeddable":true,"href":"https:\/\/www.notijalapa.net\/noticias\/wp-json\/wp\/v2\/tags?post=25878"}],"curies":[{"name":"wp","href":"https:\/\/api.w.org\/{rel}","templated":true}]}}