{"id":25681,"date":"2025-06-27T19:17:45","date_gmt":"2025-06-27T19:17:45","guid":{"rendered":"https:\/\/www.notijalapa.net\/noticias\/?p=25681"},"modified":"2025-06-27T19:21:16","modified_gmt":"2025-06-27T19:21:16","slug":"realizan-actividad-deportiva-inclusiva","status":"publish","type":"post","link":"https:\/\/www.notijalapa.net\/noticias\/2025\/06\/27\/realizan-actividad-deportiva-inclusiva\/","title":{"rendered":"Realizan actividad deportiva inclusiva"},"content":{"rendered":"<p>Este jueves estuvieron realizando una bonita actividad recreativa y deportiva, la cual se pudo realizar gracias al apoyo del Ministerio de Educaci\u00f3n, a la Municipalidad de Jalapa y DIJEF, seg\u00fan lo dio a conocer Tezia Hern\u00e1ndez entrenadora de iniciaci\u00f3n deportiva.<\/p>\n<p>En esta actividad estuvieron participando estudiantes de Monjas, del casco urbano de Jalapa y de algunas aldeas de Santa Mar\u00eda Xalapan, ellos son los alumnos que pertenecen a escuelas de iniciaci\u00f3n deportiva en atletismo adaptado.<\/p>\n<p>Regularmente hay muchos festivales como estos durante el a\u00f1o, el periodo lo han trabajado desde el mes de febrero hasta diciembre, lamentablemente este a\u00f1o se atrasaron y empezaron en el mes de mayo, pero esperan seguir realizando muchas m\u00e1s actividades de este tipo.<\/p>\n<p>Para ellos es de mucho agrado realizar estas actividades, ellos no solo tienen en mente el talento, sino que tambi\u00e9n las ganas de trabajar con los estudiantes en esta disciplina deportiva y las personas con discapacidad que se han presentado se han demostrado que Jalapa tiene campeones.<\/p>\n<p>La pr\u00f3xima semana estar\u00e1n en un evento nacional en Xela, esperando traer muchas medallas al departamento, as\u00ed mismo, estar\u00e1n presentes en un campamento de alto rendimiento representando a Jalapa.<\/p>\n","protected":false},"excerpt":{"rendered":"<p>Este jueves estuvieron realizando una bonita actividad recreativa y deportiva, la cual se pudo realizar gracias al apoyo del Ministerio de Educaci\u00f3n, a la Municipalidad de Jalapa y DIJEF, seg\u00fan lo dio a conocer Tezia Hern\u00e1ndez entrenadora de iniciaci\u00f3n deportiva. En esta actividad estuvieron participando estudiantes de Monjas, del casco urbano de Jalapa y de algunas aldeas de Santa Mar\u00eda Xalapan, ellos son los alumnos que pertenecen a escuelas de iniciaci\u00f3n deportiva en atletismo adaptado. Regularmente hay muchos festivales como estos durante el a\u00f1o, el periodo lo han trabajado desde&hellip;<\/p>\n","protected":false},"author":2,"featured_media":25682,"comment_status":"open","ping_status":"open","sticky":false,"template":"","format":"standard","meta":{"footnotes":""},"categories":[3],"tags":[9418,9417],"class_list":["post-25681","post","type-post","status-publish","format-standard","has-post-thumbnail","hentry","category-locales","tag-deportiva-inclusiva","tag-realizan-actividad"],"gutentor_comment":0,"_links":{"self":[{"href":"https:\/\/www.notijalapa.net\/noticias\/wp-json\/wp\/v2\/posts\/25681","targetHints":{"allow":["GET"]}}],"collection":[{"href":"https:\/\/www.notijalapa.net\/noticias\/wp-json\/wp\/v2\/posts"}],"about":[{"href":"https:\/\/www.notijalapa.net\/noticias\/wp-json\/wp\/v2\/types\/post"}],"author":[{"embeddable":true,"href":"https:\/\/www.notijalapa.net\/noticias\/wp-json\/wp\/v2\/users\/2"}],"replies":[{"embeddable":true,"href":"https:\/\/www.notijalapa.net\/noticias\/wp-json\/wp\/v2\/comments?post=25681"}],"version-history":[{"count":1,"href":"https:\/\/www.notijalapa.net\/noticias\/wp-json\/wp\/v2\/posts\/25681\/revisions"}],"predecessor-version":[{"id":25687,"href":"https:\/\/www.notijalapa.net\/noticias\/wp-json\/wp\/v2\/posts\/25681\/revisions\/25687"}],"wp:featuredmedia":[{"embeddable":true,"href":"https:\/\/www.notijalapa.net\/noticias\/wp-json\/wp\/v2\/media\/25682"}],"wp:attachment":[{"href":"https:\/\/www.notijalapa.net\/noticias\/wp-json\/wp\/v2\/media?parent=25681"}],"wp:term":[{"taxonomy":"category","embeddable":true,"href":"https:\/\/www.notijalapa.net\/noticias\/wp-json\/wp\/v2\/categories?post=25681"},{"taxonomy":"post_tag","embeddable":true,"href":"https:\/\/www.notijalapa.net\/noticias\/wp-json\/wp\/v2\/tags?post=25681"}],"curies":[{"name":"wp","href":"https:\/\/api.w.org\/{rel}","templated":true}]}}