{"id":25432,"date":"2025-06-12T10:54:36","date_gmt":"2025-06-12T10:54:36","guid":{"rendered":"https:\/\/www.notijalapa.net\/noticias\/?p=25432"},"modified":"2025-06-12T11:14:13","modified_gmt":"2025-06-12T11:14:13","slug":"establecen-acuerdos-para-reforestar","status":"publish","type":"post","link":"https:\/\/www.notijalapa.net\/noticias\/2025\/06\/12\/establecen-acuerdos-para-reforestar\/","title":{"rendered":"Establecen acuerdos para reforestar"},"content":{"rendered":"<p>Este mi\u00e9rcoles estuvieron en una reuni\u00f3n muy importante con la gobernadora departamental de Jalapa, en donde buscan llegar a acuerdos, elaborar un plan de trabajo, con el fin de conservar, manejar y recuperar las \u00e1reas forestales de las comunidades organizadas y de los pueblos de Jalapa como Ladinos Pardos y Santa Mar\u00eda Xalapan, seg\u00fan lo manifest\u00f3 el Ing. Bruno Arias gerente del Instituto Nacional de Bosques.<\/p>\n<p><a href=\"https:\/\/www.notijalapa.net\/noticias\/2025\/06\/12\/lo-capturan-despues-de-machetear-a-una-mujer\/\">MIRA: Lo capturan despu\u00e9s de machetear a una mujer<\/a><\/p>\n<p>El dar licencias de manejo forestal es una de las funciones del Instituto Nacional de Bosques, pero no es la \u00fanica, es decir que, la funci\u00f3n principal del INAB es la recuperaci\u00f3n de \u00e1reas y la protecci\u00f3n de bosques.<\/p>\n<p><iframe loading=\"lazy\" title=\"Establecen acuerdos para reforestar\" width=\"640\" height=\"360\" src=\"https:\/\/www.youtube.com\/embed\/BqiUkripjfw?feature=oembed\" frameborder=\"0\" allow=\"accelerometer; autoplay; clipboard-write; encrypted-media; gyroscope; picture-in-picture; web-share\" referrerpolicy=\"strict-origin-when-cross-origin\" allowfullscreen><\/iframe><\/p>\n<p>Esto se hace a trav\u00e9s de los programas de incentivos forestales como lo es Pro-bosque y el Pimpe y que complementan el manejo forestal, porque es necesario y en la historia de la humanidad la madera a convivido con las personas, tanto en los hogares como en los lugares de trabajo.<\/p>\n<p style=\"text-align: center;\"><iframe loading=\"lazy\" style=\"border: none; overflow: hidden;\" src=\"https:\/\/www.facebook.com\/plugins\/post.php?href=https%3A%2F%2Fwww.facebook.com%2Fpermalink.php%3Fstory_fbid%3Dpfbid0cjBh7dyn2osF4oUwm78HtuxavqLttYToxxniybX4d3AKV24HvGMwiMwAyTjsKTY6l%26id%3D100083158940816&amp;show_text=true&amp;width=500\" width=\"500\" height=\"506\" frameborder=\"0\" scrolling=\"no\" allowfullscreen=\"allowfullscreen\"><\/iframe><\/p>\n","protected":false},"excerpt":{"rendered":"<p>Este mi\u00e9rcoles estuvieron en una reuni\u00f3n muy importante con la gobernadora departamental de Jalapa, en donde buscan llegar a acuerdos, elaborar un plan de trabajo, con el fin de conservar, manejar y recuperar las \u00e1reas forestales de las comunidades organizadas y de los pueblos de Jalapa como Ladinos Pardos y Santa Mar\u00eda Xalapan, seg\u00fan lo manifest\u00f3 el Ing. Bruno Arias gerente del Instituto Nacional de Bosques. MIRA: Lo capturan despu\u00e9s de machetear a una mujer El dar licencias de manejo forestal es una de las funciones del Instituto Nacional de&hellip;<\/p>\n","protected":false},"author":2,"featured_media":25422,"comment_status":"open","ping_status":"open","sticky":false,"template":"","format":"standard","meta":{"footnotes":""},"categories":[3],"tags":[9310,9311],"class_list":["post-25432","post","type-post","status-publish","format-standard","has-post-thumbnail","hentry","category-locales","tag-establecen-acuerdos","tag-para-reforestar"],"gutentor_comment":0,"_links":{"self":[{"href":"https:\/\/www.notijalapa.net\/noticias\/wp-json\/wp\/v2\/posts\/25432","targetHints":{"allow":["GET"]}}],"collection":[{"href":"https:\/\/www.notijalapa.net\/noticias\/wp-json\/wp\/v2\/posts"}],"about":[{"href":"https:\/\/www.notijalapa.net\/noticias\/wp-json\/wp\/v2\/types\/post"}],"author":[{"embeddable":true,"href":"https:\/\/www.notijalapa.net\/noticias\/wp-json\/wp\/v2\/users\/2"}],"replies":[{"embeddable":true,"href":"https:\/\/www.notijalapa.net\/noticias\/wp-json\/wp\/v2\/comments?post=25432"}],"version-history":[{"count":3,"href":"https:\/\/www.notijalapa.net\/noticias\/wp-json\/wp\/v2\/posts\/25432\/revisions"}],"predecessor-version":[{"id":25435,"href":"https:\/\/www.notijalapa.net\/noticias\/wp-json\/wp\/v2\/posts\/25432\/revisions\/25435"}],"wp:featuredmedia":[{"embeddable":true,"href":"https:\/\/www.notijalapa.net\/noticias\/wp-json\/wp\/v2\/media\/25422"}],"wp:attachment":[{"href":"https:\/\/www.notijalapa.net\/noticias\/wp-json\/wp\/v2\/media?parent=25432"}],"wp:term":[{"taxonomy":"category","embeddable":true,"href":"https:\/\/www.notijalapa.net\/noticias\/wp-json\/wp\/v2\/categories?post=25432"},{"taxonomy":"post_tag","embeddable":true,"href":"https:\/\/www.notijalapa.net\/noticias\/wp-json\/wp\/v2\/tags?post=25432"}],"curies":[{"name":"wp","href":"https:\/\/api.w.org\/{rel}","templated":true}]}}