{"id":25350,"date":"2025-06-07T13:02:44","date_gmt":"2025-06-07T13:02:44","guid":{"rendered":"https:\/\/www.notijalapa.net\/noticias\/?p=25350"},"modified":"2025-06-07T13:24:34","modified_gmt":"2025-06-07T13:24:34","slug":"siete-familias-afectadas-al-inundarse-sus-viviendas","status":"publish","type":"post","link":"https:\/\/www.notijalapa.net\/noticias\/2025\/06\/07\/siete-familias-afectadas-al-inundarse-sus-viviendas\/","title":{"rendered":"Siete familias afectadas al inundarse sus viviendas"},"content":{"rendered":"<p>Debido a las constantes lluvias que se han estado registrando en la cabecera departamental de Jalapa, en horas de la madrugada y noche se dio una inundaci\u00f3n s\u00fabita, se desbordo una peque\u00f1a quebrada que pasa en medio de las viviendas en Colonia Linda Vista 5ta. avenida final norte, seg\u00fan lo dio a conocer el Lic. Cristian Estrada delegado de CONRED.<\/p>\n<p><a href=\"https:\/\/www.notijalapa.net\/noticias\/2025\/06\/07\/boxeadores-jalapanecos-representaran-a-guatemala\/\">MIRA: Boxeadores jalapanecos representar\u00e1n a Guatemala<\/a><\/p>\n<p>Este viernes en acompa\u00f1amiento con personal de la Municipalidad de Jalapa realizaron la verificaci\u00f3n y visita, haciendo una evaluaci\u00f3n de da\u00f1os y necesidades, constatando que si se vieron afectados en el lugar donde cocinan, el \u00e1rea de los dormitorios y otros m\u00f3dulos de las viviendas.<\/p>\n<p><iframe loading=\"lazy\" title=\"Siete familias afectadas al inundarse sus viviendas\" width=\"640\" height=\"360\" src=\"https:\/\/www.youtube.com\/embed\/Wq9aCY4bGWk?feature=oembed\" frameborder=\"0\" allow=\"accelerometer; autoplay; clipboard-write; encrypted-media; gyroscope; picture-in-picture; web-share\" referrerpolicy=\"strict-origin-when-cross-origin\" allowfullscreen><\/iframe><\/p>\n<p>Para la respuesta, personal de la oficina de la mujer gestionan una primera ayuda humanitaria que consiste en un kit de vivieres para las familias en estas primeras horas. La Municipalidad realizar\u00e1 las gestiones en base a la respuesta escalonada para solicitar apoyo a la CONRED.<\/p>\n<p>Tienen contabilizadas siete familias que se vieron afectadas por las lluvias, principalmente que fueron damnificadas son 16 adultos y 19 ni\u00f1os que son los datos estad\u00edsticos que obtuvieron de la visita de campo.<\/p>\n<p style=\"text-align: center;\"><iframe loading=\"lazy\" style=\"border: none; overflow: hidden;\" src=\"https:\/\/www.facebook.com\/plugins\/post.php?href=https%3A%2F%2Fwww.facebook.com%2Fpermalink.php%3Fstory_fbid%3Dpfbid02gS7APrZUbYniQfyjASMnkLck4BYWEn1fy11mVoeKfWyMUiXX9KemEcDuxGSKtuEul%26id%3D100083158940816&amp;show_text=true&amp;width=500\" width=\"500\" height=\"506\" frameborder=\"0\" scrolling=\"no\" allowfullscreen=\"allowfullscreen\"><\/iframe><\/p>\n","protected":false},"excerpt":{"rendered":"<p>Debido a las constantes lluvias que se han estado registrando en la cabecera departamental de Jalapa, en horas de la madrugada y noche se dio una inundaci\u00f3n s\u00fabita, se desbordo una peque\u00f1a quebrada que pasa en medio de las viviendas en Colonia Linda Vista 5ta. avenida final norte, seg\u00fan lo dio a conocer el Lic. Cristian Estrada delegado de CONRED. MIRA: Boxeadores jalapanecos representar\u00e1n a Guatemala Este viernes en acompa\u00f1amiento con personal de la Municipalidad de Jalapa realizaron la verificaci\u00f3n y visita, haciendo una evaluaci\u00f3n de da\u00f1os y necesidades, constatando&hellip;<\/p>\n","protected":false},"author":2,"featured_media":25342,"comment_status":"open","ping_status":"open","sticky":false,"template":"","format":"standard","meta":{"footnotes":""},"categories":[3],"tags":[9272,9271],"class_list":["post-25350","post","type-post","status-publish","format-standard","has-post-thumbnail","hentry","category-locales","tag-inundarse-sus-viviendas","tag-siete-familias-afectadas-al"],"gutentor_comment":0,"_links":{"self":[{"href":"https:\/\/www.notijalapa.net\/noticias\/wp-json\/wp\/v2\/posts\/25350","targetHints":{"allow":["GET"]}}],"collection":[{"href":"https:\/\/www.notijalapa.net\/noticias\/wp-json\/wp\/v2\/posts"}],"about":[{"href":"https:\/\/www.notijalapa.net\/noticias\/wp-json\/wp\/v2\/types\/post"}],"author":[{"embeddable":true,"href":"https:\/\/www.notijalapa.net\/noticias\/wp-json\/wp\/v2\/users\/2"}],"replies":[{"embeddable":true,"href":"https:\/\/www.notijalapa.net\/noticias\/wp-json\/wp\/v2\/comments?post=25350"}],"version-history":[{"count":2,"href":"https:\/\/www.notijalapa.net\/noticias\/wp-json\/wp\/v2\/posts\/25350\/revisions"}],"predecessor-version":[{"id":25362,"href":"https:\/\/www.notijalapa.net\/noticias\/wp-json\/wp\/v2\/posts\/25350\/revisions\/25362"}],"wp:featuredmedia":[{"embeddable":true,"href":"https:\/\/www.notijalapa.net\/noticias\/wp-json\/wp\/v2\/media\/25342"}],"wp:attachment":[{"href":"https:\/\/www.notijalapa.net\/noticias\/wp-json\/wp\/v2\/media?parent=25350"}],"wp:term":[{"taxonomy":"category","embeddable":true,"href":"https:\/\/www.notijalapa.net\/noticias\/wp-json\/wp\/v2\/categories?post=25350"},{"taxonomy":"post_tag","embeddable":true,"href":"https:\/\/www.notijalapa.net\/noticias\/wp-json\/wp\/v2\/tags?post=25350"}],"curies":[{"name":"wp","href":"https:\/\/api.w.org\/{rel}","templated":true}]}}