{"id":25228,"date":"2025-05-30T10:50:29","date_gmt":"2025-05-30T10:50:29","guid":{"rendered":"https:\/\/www.notijalapa.net\/noticias\/?p=25228"},"modified":"2025-05-30T11:12:52","modified_gmt":"2025-05-30T11:12:52","slug":"maestros-entregaron-peticiones-en-la-departamental-donde-les-serraron-la-puerta","status":"publish","type":"post","link":"https:\/\/www.notijalapa.net\/noticias\/2025\/05\/30\/maestros-entregaron-peticiones-en-la-departamental-donde-les-serraron-la-puerta\/","title":{"rendered":"Maestros entregaron peticiones en la departamental, donde les serraron la puerta"},"content":{"rendered":"<p>Este jueves como maestros organizados se dirigieron a la direcci\u00f3n departamental de educaci\u00f3n desde el Instituto Experimental esperando que las autoridades los atendieran, as\u00ed como dicen a trav\u00e9s de los medios que tienen la buena voluntad de quererlos escuchar y dialogar con ellos esperaban que, bajo esa voluntad los puedan recibir para escuchar sus peticiones, seg\u00fan lo manifest\u00f3 el Lic. Sender Jim\u00e9nez representante del STEG.<\/p>\n<p><a href=\"https:\/\/www.notijalapa.net\/noticias\/2025\/05\/30\/los-padres-de-familia-sabran-que-no-deben-darles-un-vehiculo-a-sus-hijos-menores-de-16-anos\/\">MIRA: \u00bfLos padres de familia sabr\u00e1n que no deben darles un veh\u00edculo a sus hijos menores de 16 a\u00f1os?<\/a><\/p>\n<p>En las peticiones que estuvieron realizando est\u00e1n, que queden sin efecto las actas que ya administrativamente han suscrito en los diferentes establecimientos educativos a los docentes de manera individual, esperan que se amparen con los fundamentos respectivos porque lo que est\u00e1n haciendo es una ilegalidad.<\/p>\n<p><iframe loading=\"lazy\" title=\"Maestros entregaron peticiones en la departamental, donde les serraron la puerta\" width=\"640\" height=\"360\" src=\"https:\/\/www.youtube.com\/embed\/Zj3EXMbE5sI?feature=oembed\" frameborder=\"0\" allow=\"accelerometer; autoplay; clipboard-write; encrypted-media; gyroscope; picture-in-picture; web-share\" referrerpolicy=\"strict-origin-when-cross-origin\" allowfullscreen><\/iframe><\/p>\n<p>Est\u00e1n realizando una manifestaci\u00f3n pac\u00edfica permanente y no es posible que se dirijan a las escuelas sabiendo que ellos como magisterio est\u00e1n en esta acci\u00f3n, esperan esa buena voluntad de parte de la Directora Departamental de Educaci\u00f3n y de cada uno de los directores a nivel nacional, porque lo realizan a nivel nacional y esperan que lleguen a una pronta soluci\u00f3n este conflicto.<\/p>\n<p style=\"text-align: center;\"><iframe loading=\"lazy\" style=\"border: none; overflow: hidden;\" src=\"https:\/\/www.facebook.com\/plugins\/post.php?href=https%3A%2F%2Fwww.facebook.com%2Fpermalink.php%3Fstory_fbid%3Dpfbid025r8XpRuvE9cEK7bX8fUZWbYN45K41DZAuUtvPBWNMhUkGZHJPgkfc6h3fh8BqP2Hl%26id%3D100083158940816&amp;show_text=true&amp;width=500\" width=\"500\" height=\"250\" frameborder=\"0\" scrolling=\"no\" allowfullscreen=\"allowfullscreen\"><\/iframe><\/p>\n","protected":false},"excerpt":{"rendered":"<p>Este jueves como maestros organizados se dirigieron a la direcci\u00f3n departamental de educaci\u00f3n desde el Instituto Experimental esperando que las autoridades los atendieran, as\u00ed como dicen a trav\u00e9s de los medios que tienen la buena voluntad de quererlos escuchar y dialogar con ellos esperaban que, bajo esa voluntad los puedan recibir para escuchar sus peticiones, seg\u00fan lo manifest\u00f3 el Lic. Sender Jim\u00e9nez representante del STEG. MIRA: \u00bfLos padres de familia sabr\u00e1n que no deben darles un veh\u00edculo a sus hijos menores de 16 a\u00f1os? En las peticiones que estuvieron realizando&hellip;<\/p>\n","protected":false},"author":2,"featured_media":25222,"comment_status":"open","ping_status":"open","sticky":false,"template":"","format":"standard","meta":{"footnotes":""},"categories":[3],"tags":[9218,9217],"class_list":["post-25228","post","type-post","status-publish","format-standard","has-post-thumbnail","hentry","category-locales","tag-donde-les-serraron-la-puerta","tag-maestros-entregaron-peticiones-en-la-departamental"],"gutentor_comment":0,"_links":{"self":[{"href":"https:\/\/www.notijalapa.net\/noticias\/wp-json\/wp\/v2\/posts\/25228","targetHints":{"allow":["GET"]}}],"collection":[{"href":"https:\/\/www.notijalapa.net\/noticias\/wp-json\/wp\/v2\/posts"}],"about":[{"href":"https:\/\/www.notijalapa.net\/noticias\/wp-json\/wp\/v2\/types\/post"}],"author":[{"embeddable":true,"href":"https:\/\/www.notijalapa.net\/noticias\/wp-json\/wp\/v2\/users\/2"}],"replies":[{"embeddable":true,"href":"https:\/\/www.notijalapa.net\/noticias\/wp-json\/wp\/v2\/comments?post=25228"}],"version-history":[{"count":2,"href":"https:\/\/www.notijalapa.net\/noticias\/wp-json\/wp\/v2\/posts\/25228\/revisions"}],"predecessor-version":[{"id":25237,"href":"https:\/\/www.notijalapa.net\/noticias\/wp-json\/wp\/v2\/posts\/25228\/revisions\/25237"}],"wp:featuredmedia":[{"embeddable":true,"href":"https:\/\/www.notijalapa.net\/noticias\/wp-json\/wp\/v2\/media\/25222"}],"wp:attachment":[{"href":"https:\/\/www.notijalapa.net\/noticias\/wp-json\/wp\/v2\/media?parent=25228"}],"wp:term":[{"taxonomy":"category","embeddable":true,"href":"https:\/\/www.notijalapa.net\/noticias\/wp-json\/wp\/v2\/categories?post=25228"},{"taxonomy":"post_tag","embeddable":true,"href":"https:\/\/www.notijalapa.net\/noticias\/wp-json\/wp\/v2\/tags?post=25228"}],"curies":[{"name":"wp","href":"https:\/\/api.w.org\/{rel}","templated":true}]}}