{"id":25185,"date":"2025-05-28T10:55:54","date_gmt":"2025-05-28T10:55:54","guid":{"rendered":"https:\/\/www.notijalapa.net\/noticias\/?p=25185"},"modified":"2025-05-28T11:15:54","modified_gmt":"2025-05-28T11:15:54","slug":"capacitan-a-delegados-de-instituciones-sobre-la-sordoceguera","status":"publish","type":"post","link":"https:\/\/www.notijalapa.net\/noticias\/2025\/05\/28\/capacitan-a-delegados-de-instituciones-sobre-la-sordoceguera\/","title":{"rendered":"Capacitan a delegados de instituciones sobre la sordoceguera"},"content":{"rendered":"<p>Es de vital importancia que el tema de discapacidad sea sensibilizado y mucho m\u00e1s en organizaciones e instituciones, porque saben que hay muchas personas con discapacidad que asisten a estos lugares y el acceso es limitado, hay muy poca empat\u00eda y este tema se lleva a cabo para sensibilizar y dar a conocer lo importante que es tener empat\u00eda con las personas con discapacidad, seg\u00fan lo dio a conocer Sayra P\u00e9rez Facilitadora de Campos de ASCATED.<\/p>\n<p><a href=\"https:\/\/www.notijalapa.net\/noticias\/2025\/05\/28\/la-asistencia-economica-de-los-padres-a-sus-hijos-es-por-conciencia\/\">MIRA: \u00bfLa asistencia econ\u00f3mica de los padres a sus hijos es por conciencia?<\/a><\/p>\n<p>Estuvieron trabajando el tema de sordoceguera que es un tema muy complejo, amplio de trabajar, pero tambi\u00e9n muy importante, porque cuando no tenemos un medio de comunicaci\u00f3n es una limitante, para que las personas puedan tener el acceso a la informaci\u00f3n o la participaci\u00f3n y por ello es que realizan la actividad.<\/p>\n<p><iframe loading=\"lazy\" title=\"Capacitan a delegados de instituciones sobre la sordoceguera\" width=\"640\" height=\"360\" src=\"https:\/\/www.youtube.com\/embed\/31eeE0Uta50?feature=oembed\" frameborder=\"0\" allow=\"accelerometer; autoplay; clipboard-write; encrypted-media; gyroscope; picture-in-picture; web-share\" referrerpolicy=\"strict-origin-when-cross-origin\" allowfullscreen><\/iframe><\/p>\n<p>Es importante ense\u00f1ar que hay otros sentidos que se pueden desarrollar y que las personas con discapacidad pueden llegar a tener muchas habilidades y que son campos abiertos para ellos, no es lo mismo que una persona viva con la discapacidad, porque recordemos que todos estamos expuestos a esto.<\/p>\n<p>Es importante que desarrollemos nuestros sentidos, tenemos sentidos que son vitales que se pongan a funcionar y que ense\u00f1emos como ponerlos en pr\u00e1ctica es importante. Esperan que con la concientizaci\u00f3n puedan ser m\u00e1s emp\u00e1ticos, que traten de apoyar a las personas, que traten de tener el acceso en los lugares para las personas con discapacidad para que ellos puedan acudir sin tener problemas para su acceso.<\/p>\n<p style=\"text-align: center;\"><iframe loading=\"lazy\" style=\"border: none; overflow: hidden;\" src=\"https:\/\/www.facebook.com\/plugins\/post.php?href=https%3A%2F%2Fwww.facebook.com%2Fpermalink.php%3Fstory_fbid%3Dpfbid02DCGUemcK3bMaYiceKd26mayrGdKbTC58Yq57oZy5gfNiBxnSy3BjCLry8NfPsPZ6l%26id%3D100083158940816&amp;show_text=true&amp;width=500\" width=\"500\" height=\"525\" frameborder=\"0\" scrolling=\"no\" allowfullscreen=\"allowfullscreen\"><\/iframe><\/p>\n","protected":false},"excerpt":{"rendered":"<p>Es de vital importancia que el tema de discapacidad sea sensibilizado y mucho m\u00e1s en organizaciones e instituciones, porque saben que hay muchas personas con discapacidad que asisten a estos lugares y el acceso es limitado, hay muy poca empat\u00eda y este tema se lleva a cabo para sensibilizar y dar a conocer lo importante que es tener empat\u00eda con las personas con discapacidad, seg\u00fan lo dio a conocer Sayra P\u00e9rez Facilitadora de Campos de ASCATED. MIRA: \u00bfLa asistencia econ\u00f3mica de los padres a sus hijos es por conciencia? Estuvieron&hellip;<\/p>\n","protected":false},"author":2,"featured_media":25175,"comment_status":"open","ping_status":"open","sticky":false,"template":"","format":"standard","meta":{"footnotes":""},"categories":[3],"tags":[9200,9201],"class_list":["post-25185","post","type-post","status-publish","format-standard","has-post-thumbnail","hentry","category-locales","tag-capacitan-a-delegados-de","tag-instituciones-sobre-la-sordoceguera"],"gutentor_comment":0,"_links":{"self":[{"href":"https:\/\/www.notijalapa.net\/noticias\/wp-json\/wp\/v2\/posts\/25185","targetHints":{"allow":["GET"]}}],"collection":[{"href":"https:\/\/www.notijalapa.net\/noticias\/wp-json\/wp\/v2\/posts"}],"about":[{"href":"https:\/\/www.notijalapa.net\/noticias\/wp-json\/wp\/v2\/types\/post"}],"author":[{"embeddable":true,"href":"https:\/\/www.notijalapa.net\/noticias\/wp-json\/wp\/v2\/users\/2"}],"replies":[{"embeddable":true,"href":"https:\/\/www.notijalapa.net\/noticias\/wp-json\/wp\/v2\/comments?post=25185"}],"version-history":[{"count":3,"href":"https:\/\/www.notijalapa.net\/noticias\/wp-json\/wp\/v2\/posts\/25185\/revisions"}],"predecessor-version":[{"id":25188,"href":"https:\/\/www.notijalapa.net\/noticias\/wp-json\/wp\/v2\/posts\/25185\/revisions\/25188"}],"wp:featuredmedia":[{"embeddable":true,"href":"https:\/\/www.notijalapa.net\/noticias\/wp-json\/wp\/v2\/media\/25175"}],"wp:attachment":[{"href":"https:\/\/www.notijalapa.net\/noticias\/wp-json\/wp\/v2\/media?parent=25185"}],"wp:term":[{"taxonomy":"category","embeddable":true,"href":"https:\/\/www.notijalapa.net\/noticias\/wp-json\/wp\/v2\/categories?post=25185"},{"taxonomy":"post_tag","embeddable":true,"href":"https:\/\/www.notijalapa.net\/noticias\/wp-json\/wp\/v2\/tags?post=25185"}],"curies":[{"name":"wp","href":"https:\/\/api.w.org\/{rel}","templated":true}]}}