{"id":24958,"date":"2025-05-15T10:54:48","date_gmt":"2025-05-15T10:54:48","guid":{"rendered":"https:\/\/www.notijalapa.net\/noticias\/?p=24958"},"modified":"2025-05-15T11:06:57","modified_gmt":"2025-05-15T11:06:57","slug":"realizan-estudio-sobre-la-contaminacion-por-la-quema-de-plastico","status":"publish","type":"post","link":"https:\/\/www.notijalapa.net\/noticias\/2025\/05\/15\/realizan-estudio-sobre-la-contaminacion-por-la-quema-de-plastico\/","title":{"rendered":"Realizan estudio sobre la contaminaci\u00f3n por la quema de pl\u00e1stico"},"content":{"rendered":"<p>Este mi\u00e9rcoles, estuvieron dando a conocer el estudio Ecolectivos que est\u00e1n haciendo en Guatemala, para tratar de ingresar a las comunidades que son indispensables trabajar en este proyecto, que busca reducir la quema del pl\u00e1stico, que han visto que es un gran problema en Guatemala, seg\u00fan lo dio a conocer la Dra. Lisa Thompson Catedr\u00e1tica de la Universidad Emory.<\/p>\n<p><a href=\"https:\/\/www.notijalapa.net\/noticias\/2025\/05\/15\/realizan-operativos-de-identificacion-de-personas-y-vehiculos-en-rutas-de-jalapa\/\">MIRA: Realizan operativos de identificaci\u00f3n de personas y veh\u00edculos en rutas de Jalapa<\/a><\/p>\n<p>Como parte del equipo que realiza este estudio est\u00e1 Mar\u00eda Ren\u00e9e L\u00f3pez Bola\u00f1os, Mayar\u00ed Hengstermann y Ricardo Ruano, son personas que est\u00e1n trabajando en este proyecto en el departamento de Jalapa y que cada uno tiene una funci\u00f3n muy especial.<\/p>\n<p><iframe loading=\"lazy\" title=\"Realizan estudio sobre la contaminaci\u00f3n por la quema de pl\u00e1stico\" width=\"640\" height=\"360\" src=\"https:\/\/www.youtube.com\/embed\/SqhTObQztMo?feature=oembed\" frameborder=\"0\" allow=\"accelerometer; autoplay; clipboard-write; encrypted-media; gyroscope; picture-in-picture; web-share\" referrerpolicy=\"strict-origin-when-cross-origin\" allowfullscreen><\/iframe><\/p>\n<p>Este proyecto lo realizan en conjunto con otras universidades de Guatemala, cuyo objetivo es reducir el uso de pl\u00e1sticos, tratar que la comunidad se involucre en la soluci\u00f3n a esta problem\u00e1tica tan grande que tenemos a nivel nacional y en muchos otros pa\u00edses.<\/p>\n<p>Guatemala es un pa\u00eds muy especial, porque este estudio es el primero a nivel mundial, que estar\u00e1 midiendo la contaminaci\u00f3n por la quema de pl\u00e1stico y ha recibido fondos del Instituto Nacional de Salud de Estados Unidos para poderse realizar, que tienen una durabilidad de cinco a\u00f1os, actualmente ya est\u00e1n en el cuarto a\u00f1o.<\/p>\n<p>Est\u00e1n colocando monitores para medir la contaminaci\u00f3n personal, son cuatrocientas mujeres, que hacen parte de este estudio aleatorio y viendo el estudio de intervenci\u00f3n o cambio de comportamiento para no quemar pl\u00e1stico y comparar las exposiciones de las personas que viven en las comunidades.<\/p>\n<p style=\"text-align: center;\"><iframe loading=\"lazy\" style=\"border: none; overflow: hidden;\" src=\"https:\/\/www.facebook.com\/plugins\/post.php?href=https%3A%2F%2Fwww.facebook.com%2Fpermalink.php%3Fstory_fbid%3Dpfbid023YtL6ULrpxhCoKnuEbUwN8Xmv62ktTrpZkt52P5d2jtkEY5R8QRARF8iCjKigc7Gl%26id%3D100083158940816&amp;show_text=true&amp;width=500\" width=\"500\" height=\"506\" frameborder=\"0\" scrolling=\"no\" allowfullscreen=\"allowfullscreen\"><\/iframe><\/p>\n","protected":false},"excerpt":{"rendered":"<p>Este mi\u00e9rcoles, estuvieron dando a conocer el estudio Ecolectivos que est\u00e1n haciendo en Guatemala, para tratar de ingresar a las comunidades que son indispensables trabajar en este proyecto, que busca reducir la quema del pl\u00e1stico, que han visto que es un gran problema en Guatemala, seg\u00fan lo dio a conocer la Dra. Lisa Thompson Catedr\u00e1tica de la Universidad Emory. MIRA: Realizan operativos de identificaci\u00f3n de personas y veh\u00edculos en rutas de Jalapa Como parte del equipo que realiza este estudio est\u00e1 Mar\u00eda Ren\u00e9e L\u00f3pez Bola\u00f1os, Mayar\u00ed Hengstermann y Ricardo Ruano,&hellip;<\/p>\n","protected":false},"author":2,"featured_media":24948,"comment_status":"open","ping_status":"open","sticky":false,"template":"","format":"standard","meta":{"footnotes":""},"categories":[3],"tags":[9102,9101],"class_list":["post-24958","post","type-post","status-publish","format-standard","has-post-thumbnail","hentry","category-locales","tag-por-la-quema-de-plastico","tag-realizan-estudio-sobre-la-contaminacion"],"gutentor_comment":0,"_links":{"self":[{"href":"https:\/\/www.notijalapa.net\/noticias\/wp-json\/wp\/v2\/posts\/24958","targetHints":{"allow":["GET"]}}],"collection":[{"href":"https:\/\/www.notijalapa.net\/noticias\/wp-json\/wp\/v2\/posts"}],"about":[{"href":"https:\/\/www.notijalapa.net\/noticias\/wp-json\/wp\/v2\/types\/post"}],"author":[{"embeddable":true,"href":"https:\/\/www.notijalapa.net\/noticias\/wp-json\/wp\/v2\/users\/2"}],"replies":[{"embeddable":true,"href":"https:\/\/www.notijalapa.net\/noticias\/wp-json\/wp\/v2\/comments?post=24958"}],"version-history":[{"count":3,"href":"https:\/\/www.notijalapa.net\/noticias\/wp-json\/wp\/v2\/posts\/24958\/revisions"}],"predecessor-version":[{"id":24961,"href":"https:\/\/www.notijalapa.net\/noticias\/wp-json\/wp\/v2\/posts\/24958\/revisions\/24961"}],"wp:featuredmedia":[{"embeddable":true,"href":"https:\/\/www.notijalapa.net\/noticias\/wp-json\/wp\/v2\/media\/24948"}],"wp:attachment":[{"href":"https:\/\/www.notijalapa.net\/noticias\/wp-json\/wp\/v2\/media?parent=24958"}],"wp:term":[{"taxonomy":"category","embeddable":true,"href":"https:\/\/www.notijalapa.net\/noticias\/wp-json\/wp\/v2\/categories?post=24958"},{"taxonomy":"post_tag","embeddable":true,"href":"https:\/\/www.notijalapa.net\/noticias\/wp-json\/wp\/v2\/tags?post=24958"}],"curies":[{"name":"wp","href":"https:\/\/api.w.org\/{rel}","templated":true}]}}