{"id":24952,"date":"2025-05-15T10:53:21","date_gmt":"2025-05-15T10:53:21","guid":{"rendered":"https:\/\/www.notijalapa.net\/noticias\/?p=24952"},"modified":"2025-05-15T11:09:55","modified_gmt":"2025-05-15T11:09:55","slug":"dos-hombres-y-un-menor-capturados-por-asaltar-una-tienda","status":"publish","type":"post","link":"https:\/\/www.notijalapa.net\/noticias\/2025\/05\/15\/dos-hombres-y-un-menor-capturados-por-asaltar-una-tienda\/","title":{"rendered":"Dos hombres y un menor capturados por asaltar una tienda"},"content":{"rendered":"<p>En aldea Pie de la Cuesta, San Pedro Pinula, Jalapa, agentes policiales realizan la captura de los se\u00f1ores Carlos Chosco; de 27 a\u00f1os, \u00c1lvaro Barahona; de 34, y un menor quien fue remitido al juzgado correspondiente, esto por ser presuntos responsables de realizar un asalto y sustraer una m\u00e1quina traga niqueles de una tienda en aldea El Pinalito de ese municipio.<\/p>\n<p><a href=\"https:\/\/www.notijalapa.net\/noticias\/2025\/05\/15\/realizaran-los-juegos-departamentales-de-karate-do-en-jalapa\/\">MIRA: Realizar\u00e1n los juegos departamentales de karate DO en Jalapa<\/a><\/p>\n<p>Seg\u00fan Eswin G\u00f3mez de la oficina de comunicaci\u00f3n social de PNC, los agentes al saber de este hecho y a la denuncia en su contra, ubicaron a estas personas cuando hu\u00edan a bordo de veh\u00edculo tipo Pick-up, al momento de neutralizarlos se les incaut\u00f3 dos armas de fuego tipo pistola, una carabina, una cortadora el\u00e9ctrica y la m\u00e1quina sustra\u00edda del lugar antes en menci\u00f3n.<\/p>\n<p><iframe loading=\"lazy\" title=\"Dos hombres y un menor capturados por asaltar una tienda\" width=\"640\" height=\"360\" src=\"https:\/\/www.youtube.com\/embed\/3FFHevFuL0k?feature=oembed\" frameborder=\"0\" allow=\"accelerometer; autoplay; clipboard-write; encrypted-media; gyroscope; picture-in-picture; web-share\" referrerpolicy=\"strict-origin-when-cross-origin\" allowfullscreen><\/iframe><\/p>\n<p>As\u00ed mismo, se les incaut\u00f3 145 municiones \u00fatiles y 6 cargadores, las armas de fuego contaban con la documentaci\u00f3n respectiva, as\u00ed como, tel\u00e9fonos celulares que fueron embalados por fiscales del Ministerio P\u00fablico para las investigaciones correspondientes.<\/p>\n<p style=\"text-align: center;\"><iframe loading=\"lazy\" style=\"border: none; overflow: hidden;\" src=\"https:\/\/www.facebook.com\/plugins\/post.php?href=https%3A%2F%2Fwww.facebook.com%2Fpermalink.php%3Fstory_fbid%3Dpfbid0rdgibQPa95EV832qD9q5Tz1SefSZsTPVmAuYYyapKybgdYX18JVwafLANt2aFs71l%26id%3D100083158940816&amp;show_text=true&amp;width=500\" width=\"500\" height=\"545\" frameborder=\"0\" scrolling=\"no\" allowfullscreen=\"allowfullscreen\"><\/iframe><\/p>\n","protected":false},"excerpt":{"rendered":"<p>En aldea Pie de la Cuesta, San Pedro Pinula, Jalapa, agentes policiales realizan la captura de los se\u00f1ores Carlos Chosco; de 27 a\u00f1os, \u00c1lvaro Barahona; de 34, y un menor quien fue remitido al juzgado correspondiente, esto por ser presuntos responsables de realizar un asalto y sustraer una m\u00e1quina traga niqueles de una tienda en aldea El Pinalito de ese municipio. MIRA: Realizar\u00e1n los juegos departamentales de karate DO en Jalapa Seg\u00fan Eswin G\u00f3mez de la oficina de comunicaci\u00f3n social de PNC, los agentes al saber de este hecho y&hellip;<\/p>\n","protected":false},"author":2,"featured_media":24946,"comment_status":"open","ping_status":"open","sticky":false,"template":"","format":"standard","meta":{"footnotes":""},"categories":[3],"tags":[9095,9096],"class_list":["post-24952","post","type-post","status-publish","format-standard","has-post-thumbnail","hentry","category-locales","tag-dos-hombres-y-un-menor-capturados","tag-por-asaltar-una-tienda"],"gutentor_comment":0,"_links":{"self":[{"href":"https:\/\/www.notijalapa.net\/noticias\/wp-json\/wp\/v2\/posts\/24952","targetHints":{"allow":["GET"]}}],"collection":[{"href":"https:\/\/www.notijalapa.net\/noticias\/wp-json\/wp\/v2\/posts"}],"about":[{"href":"https:\/\/www.notijalapa.net\/noticias\/wp-json\/wp\/v2\/types\/post"}],"author":[{"embeddable":true,"href":"https:\/\/www.notijalapa.net\/noticias\/wp-json\/wp\/v2\/users\/2"}],"replies":[{"embeddable":true,"href":"https:\/\/www.notijalapa.net\/noticias\/wp-json\/wp\/v2\/comments?post=24952"}],"version-history":[{"count":2,"href":"https:\/\/www.notijalapa.net\/noticias\/wp-json\/wp\/v2\/posts\/24952\/revisions"}],"predecessor-version":[{"id":24964,"href":"https:\/\/www.notijalapa.net\/noticias\/wp-json\/wp\/v2\/posts\/24952\/revisions\/24964"}],"wp:featuredmedia":[{"embeddable":true,"href":"https:\/\/www.notijalapa.net\/noticias\/wp-json\/wp\/v2\/media\/24946"}],"wp:attachment":[{"href":"https:\/\/www.notijalapa.net\/noticias\/wp-json\/wp\/v2\/media?parent=24952"}],"wp:term":[{"taxonomy":"category","embeddable":true,"href":"https:\/\/www.notijalapa.net\/noticias\/wp-json\/wp\/v2\/categories?post=24952"},{"taxonomy":"post_tag","embeddable":true,"href":"https:\/\/www.notijalapa.net\/noticias\/wp-json\/wp\/v2\/tags?post=24952"}],"curies":[{"name":"wp","href":"https:\/\/api.w.org\/{rel}","templated":true}]}}