{"id":24832,"date":"2025-05-08T10:49:06","date_gmt":"2025-05-08T10:49:06","guid":{"rendered":"https:\/\/www.notijalapa.net\/noticias\/?p=24832"},"modified":"2025-05-08T11:15:05","modified_gmt":"2025-05-08T11:15:05","slug":"docentes-pueden-participar-en-los-galardones-maria-chinchilla-y-francisco-marroquin","status":"publish","type":"post","link":"https:\/\/www.notijalapa.net\/noticias\/2025\/05\/08\/docentes-pueden-participar-en-los-galardones-maria-chinchilla-y-francisco-marroquin\/","title":{"rendered":"Docentes pueden participar en los galardones Mar\u00eda Chinchilla y Francisco Marroqu\u00edn"},"content":{"rendered":"<p>En conferencia de prensa dieron a conocer la comisi\u00f3n que tienen a cargo los festejos al d\u00eda del maestro para este a\u00f1o 2025, seg\u00fan lo dio a conocer la Licda. Mar\u00eda Aracely Figueroa Directora Departamental de Educaci\u00f3n.<\/p>\n<p><a href=\"https:\/\/www.notijalapa.net\/noticias\/2025\/05\/08\/han-entregado-los-programas-de-apoyo-y-buscan-mejorar-la-educacion\/\">MIRA: Han entregado los programas de apoyo y buscan mejorar la educaci\u00f3n<\/a><\/p>\n<p>Tambi\u00e9n dieron a conocer el proceso para que los maestros puedan participar en la orden Mar\u00eda Chinchilla y Francisco Marroqu\u00edn, en donde se estar\u00e1n recibiendo expedientes hasta el 09 de mayo, para la orden Francisco Marroqu\u00edn.<\/p>\n<p><iframe loading=\"lazy\" title=\"Docentes pueden participar en los galardones Mar\u00eda Chinchilla y Francisco Marroqu\u00edn\" width=\"640\" height=\"360\" src=\"https:\/\/www.youtube.com\/embed\/b4UCEnRBZcA?feature=oembed\" frameborder=\"0\" allow=\"accelerometer; autoplay; clipboard-write; encrypted-media; gyroscope; picture-in-picture; web-share\" referrerpolicy=\"strict-origin-when-cross-origin\" allowfullscreen><\/iframe><\/p>\n<p>Ahora para el galard\u00f3n Mar\u00eda Chichilla tienen hasta el 13 de mayo para entregar los expedientes, ya tienen a la comisi\u00f3n que tendr\u00e1n a cargo el calificar cada uno de los expedientes y para ellos es muy importante que los docentes participen, para reconocer la labor que desempe\u00f1an.<\/p>\n<p style=\"text-align: center;\"><iframe loading=\"lazy\" style=\"border: none; overflow: hidden;\" src=\"https:\/\/www.facebook.com\/plugins\/post.php?href=https%3A%2F%2Fwww.facebook.com%2Fpermalink.php%3Fstory_fbid%3Dpfbid0YHeX1hFUUhUu3mPndpC5wcJrx8xEaMMpc8LGeUenp4thVjR9VTSCLpRcdb13kzVel%26id%3D100083158940816&amp;show_text=true&amp;width=500\" width=\"500\" height=\"794\" frameborder=\"0\" scrolling=\"no\" allowfullscreen=\"allowfullscreen\"><\/iframe><\/p>\n","protected":false},"excerpt":{"rendered":"<p>En conferencia de prensa dieron a conocer la comisi\u00f3n que tienen a cargo los festejos al d\u00eda del maestro para este a\u00f1o 2025, seg\u00fan lo dio a conocer la Licda. Mar\u00eda Aracely Figueroa Directora Departamental de Educaci\u00f3n. MIRA: Han entregado los programas de apoyo y buscan mejorar la educaci\u00f3n Tambi\u00e9n dieron a conocer el proceso para que los maestros puedan participar en la orden Mar\u00eda Chinchilla y Francisco Marroqu\u00edn, en donde se estar\u00e1n recibiendo expedientes hasta el 09 de mayo, para la orden Francisco Marroqu\u00edn. Ahora para el galard\u00f3n Mar\u00eda&hellip;<\/p>\n","protected":false},"author":2,"featured_media":24828,"comment_status":"open","ping_status":"open","sticky":false,"template":"","format":"standard","meta":{"footnotes":""},"categories":[3],"tags":[9037,9038],"class_list":["post-24832","post","type-post","status-publish","format-standard","has-post-thumbnail","hentry","category-locales","tag-docentes-pueden-participar-en-los-galardones","tag-maria-chinchilla-y-francisco-marroquin"],"gutentor_comment":0,"_links":{"self":[{"href":"https:\/\/www.notijalapa.net\/noticias\/wp-json\/wp\/v2\/posts\/24832","targetHints":{"allow":["GET"]}}],"collection":[{"href":"https:\/\/www.notijalapa.net\/noticias\/wp-json\/wp\/v2\/posts"}],"about":[{"href":"https:\/\/www.notijalapa.net\/noticias\/wp-json\/wp\/v2\/types\/post"}],"author":[{"embeddable":true,"href":"https:\/\/www.notijalapa.net\/noticias\/wp-json\/wp\/v2\/users\/2"}],"replies":[{"embeddable":true,"href":"https:\/\/www.notijalapa.net\/noticias\/wp-json\/wp\/v2\/comments?post=24832"}],"version-history":[{"count":2,"href":"https:\/\/www.notijalapa.net\/noticias\/wp-json\/wp\/v2\/posts\/24832\/revisions"}],"predecessor-version":[{"id":24847,"href":"https:\/\/www.notijalapa.net\/noticias\/wp-json\/wp\/v2\/posts\/24832\/revisions\/24847"}],"wp:featuredmedia":[{"embeddable":true,"href":"https:\/\/www.notijalapa.net\/noticias\/wp-json\/wp\/v2\/media\/24828"}],"wp:attachment":[{"href":"https:\/\/www.notijalapa.net\/noticias\/wp-json\/wp\/v2\/media?parent=24832"}],"wp:term":[{"taxonomy":"category","embeddable":true,"href":"https:\/\/www.notijalapa.net\/noticias\/wp-json\/wp\/v2\/categories?post=24832"},{"taxonomy":"post_tag","embeddable":true,"href":"https:\/\/www.notijalapa.net\/noticias\/wp-json\/wp\/v2\/tags?post=24832"}],"curies":[{"name":"wp","href":"https:\/\/api.w.org\/{rel}","templated":true}]}}