{"id":2479,"date":"2022-01-11T12:41:58","date_gmt":"2022-01-11T12:41:58","guid":{"rendered":"https:\/\/www.notijalapa.net\/noticias\/?p=2479"},"modified":"2022-01-11T12:59:47","modified_gmt":"2022-01-11T12:59:47","slug":"dos-personas-fueron-heridas-con-arma-blanca","status":"publish","type":"post","link":"https:\/\/www.notijalapa.net\/noticias\/2022\/01\/11\/dos-personas-fueron-heridas-con-arma-blanca\/","title":{"rendered":"Dos personas fueron heridas con arma blanca"},"content":{"rendered":"<p>Bomberos Voluntarios fueron requeridos en la aldea Laguna del Pito, en donde les indicaron de dos personas agredidas, al llegar al lugar atendieron a Oliver Ra\u00fal Agust\u00edn Carrillo; de 20 a\u00f1os y Elmer Carillo de Le\u00f3n; de 25.<\/p>\n<p><a href=\"https:\/\/www.notijalapa.net\/noticias\/2022\/01\/11\/cambia-el-semaforo-epidemiologico-y-se-reportan-cuatro-nuevos-casos-de-covid-19\/\">MIRA: Cambia el sem\u00e1foro epidemiol\u00f3gico y se reportan cuatro nuevos casos de Covid-19<\/a><\/p>\n<p>Seg\u00fan el Bombero Voluntario Jaime Aguilar, estas personas presentaban varias heridas de arma blanca en diferentes partes del cuerpo, mismas que les ocasionaron sujetos desconocidos que despu\u00e9s del hecho se dieron a la fuga.<\/p>\n<p><iframe loading=\"lazy\" title=\"Dos Personas Fueron Heridas Con Arma Blanca 1\" width=\"640\" height=\"360\" src=\"https:\/\/www.youtube.com\/embed\/l8l2qTCAO0I?feature=oembed\" frameborder=\"0\" allow=\"accelerometer; autoplay; clipboard-write; encrypted-media; gyroscope; picture-in-picture; web-share\" referrerpolicy=\"strict-origin-when-cross-origin\" allowfullscreen><\/iframe><\/p>\n<p>Fueron estabilizados en el lugar por los t\u00e9cnicos en urgencias m\u00e9dicas de los hombres del casco negro, posteriormente fueron trasladados a la emergencia del hospital nacional de Jalapa.<\/p>\n<p style=\"text-align: center;\"><iframe loading=\"lazy\" style=\"border: none; overflow: hidden;\" src=\"https:\/\/www.facebook.com\/plugins\/post.php?href=https%3A%2F%2Fwww.facebook.com%2Fpermalink.php%3Fstory_fbid%3D4762821513833962%26id%3D541551329294356&amp;show_text=true&amp;width=500\" width=\"500\" height=\"792\" frameborder=\"0\" scrolling=\"no\" allowfullscreen=\"allowfullscreen\"><\/iframe><\/p>\n","protected":false},"excerpt":{"rendered":"<p>Bomberos Voluntarios fueron requeridos en la aldea Laguna del Pito, en donde les indicaron de dos personas agredidas, al llegar al lugar atendieron a Oliver Ra\u00fal Agust\u00edn Carrillo; de 20 a\u00f1os y Elmer Carillo de Le\u00f3n; de 25. MIRA: Cambia el sem\u00e1foro epidemiol\u00f3gico y se reportan cuatro nuevos casos de Covid-19 Seg\u00fan el Bombero Voluntario Jaime Aguilar, estas personas presentaban varias heridas de arma blanca en diferentes partes del cuerpo, mismas que les ocasionaron sujetos desconocidos que despu\u00e9s del hecho se dieron a la fuga. Fueron estabilizados en el lugar&hellip;<\/p>\n","protected":false},"author":2,"featured_media":2480,"comment_status":"open","ping_status":"open","sticky":false,"template":"","format":"standard","meta":{"footnotes":""},"categories":[3],"tags":[14,477],"class_list":["post-2479","post","type-post","status-publish","format-standard","has-post-thumbnail","hentry","category-locales","tag-bomberos-voluntarios","tag-personas-agredidas"],"gutentor_comment":0,"_links":{"self":[{"href":"https:\/\/www.notijalapa.net\/noticias\/wp-json\/wp\/v2\/posts\/2479","targetHints":{"allow":["GET"]}}],"collection":[{"href":"https:\/\/www.notijalapa.net\/noticias\/wp-json\/wp\/v2\/posts"}],"about":[{"href":"https:\/\/www.notijalapa.net\/noticias\/wp-json\/wp\/v2\/types\/post"}],"author":[{"embeddable":true,"href":"https:\/\/www.notijalapa.net\/noticias\/wp-json\/wp\/v2\/users\/2"}],"replies":[{"embeddable":true,"href":"https:\/\/www.notijalapa.net\/noticias\/wp-json\/wp\/v2\/comments?post=2479"}],"version-history":[{"count":2,"href":"https:\/\/www.notijalapa.net\/noticias\/wp-json\/wp\/v2\/posts\/2479\/revisions"}],"predecessor-version":[{"id":2499,"href":"https:\/\/www.notijalapa.net\/noticias\/wp-json\/wp\/v2\/posts\/2479\/revisions\/2499"}],"wp:featuredmedia":[{"embeddable":true,"href":"https:\/\/www.notijalapa.net\/noticias\/wp-json\/wp\/v2\/media\/2480"}],"wp:attachment":[{"href":"https:\/\/www.notijalapa.net\/noticias\/wp-json\/wp\/v2\/media?parent=2479"}],"wp:term":[{"taxonomy":"category","embeddable":true,"href":"https:\/\/www.notijalapa.net\/noticias\/wp-json\/wp\/v2\/categories?post=2479"},{"taxonomy":"post_tag","embeddable":true,"href":"https:\/\/www.notijalapa.net\/noticias\/wp-json\/wp\/v2\/tags?post=2479"}],"curies":[{"name":"wp","href":"https:\/\/api.w.org\/{rel}","templated":true}]}}