{"id":24440,"date":"2025-04-10T10:54:18","date_gmt":"2025-04-10T10:54:18","guid":{"rendered":"https:\/\/www.notijalapa.net\/noticias\/?p=24440"},"modified":"2025-04-10T11:10:31","modified_gmt":"2025-04-10T11:10:31","slug":"problemas-de-la-escuela-la-pastoria","status":"publish","type":"post","link":"https:\/\/www.notijalapa.net\/noticias\/2025\/04\/10\/problemas-de-la-escuela-la-pastoria\/","title":{"rendered":"Problemas de la escuela La Pastor\u00eda"},"content":{"rendered":"<p>Hace unos d\u00edas estuvieron presentes cuatro madres de familia, quienes tra\u00edan un escrito en donde daban a conocer algunas situaciones que seg\u00fan ellas se est\u00e1n dando en el centro educativo de aldea La Pastor\u00eda, seg\u00fan lo dio a conocer la Licda. Mar\u00eda Aracely Figueroa Directora Departamental de Educaci\u00f3n.<\/p>\n<p><a href=\"https:\/\/www.notijalapa.net\/noticias\/2025\/04\/10\/los-juegos-magisteriales-estan-autorizados-por-el-mineduc\/\">MIRA: Los juegos magisteriales est\u00e1n autorizados por el MINEDUC<\/a><\/p>\n<p>De igual forma la direcci\u00f3n de la escuela tambi\u00e9n traslad\u00f3 algunos datos en relaci\u00f3n a este caso, lo que hicieron fue conformar una comisi\u00f3n para atender la situaci\u00f3n que presenta el centro educativo.<\/p>\n<p><iframe loading=\"lazy\" title=\"Problemas de la escuela La Pastor\u00eda\" width=\"640\" height=\"360\" src=\"https:\/\/www.youtube.com\/embed\/7u8Okx6S1Nk?feature=oembed\" frameborder=\"0\" allow=\"accelerometer; autoplay; clipboard-write; encrypted-media; gyroscope; picture-in-picture; web-share\" referrerpolicy=\"strict-origin-when-cross-origin\" allowfullscreen><\/iframe><\/p>\n<p>En dicha comisi\u00f3n la conformaron profesionales en este caso de infraestructura de la direcci\u00f3n departamental de educaci\u00f3n, de igual forma asesor\u00eda jur\u00eddica, entre otros profesionales para brindarle la soluci\u00f3n a este caso por problemas que afectan en la educaci\u00f3n de los ni\u00f1os de dicho centro de estudio.<\/p>\n<p>La comisi\u00f3n hizo acto de presencia en la escuela y est\u00e1n a la espera del informe para determinar que es lo que afecta, porque seg\u00fan los vecinos podr\u00eda ser el drenaje de la comunidad el que afecte la escuela, tomando en cuenta ese tema tambi\u00e9n la integro el encargado de infraestructura. Aunque tambi\u00e9n afecta la poca cantidad de vital l\u00edquido que hay y que ha llevado a racionarlo, los docentes tambi\u00e9n son afectados por esta situaci\u00f3n que esperan poder resolver lo m\u00e1s pronto posible.<\/p>\n<p style=\"text-align: center;\"><iframe loading=\"lazy\" style=\"border: none; overflow: hidden;\" src=\"https:\/\/www.facebook.com\/plugins\/post.php?href=https%3A%2F%2Fwww.facebook.com%2Fpermalink.php%3Fstory_fbid%3Dpfbid0ZJpkpkRwEBab9qFsU1n7ufuC75DaD2FaFhvwJdeHPmVHDanFd9mdmXXypecuw6Uol%26id%3D100083158940816&amp;show_text=true&amp;width=500\" width=\"500\" height=\"506\" frameborder=\"0\" scrolling=\"no\" allowfullscreen=\"allowfullscreen\"><\/iframe><\/p>\n","protected":false},"excerpt":{"rendered":"<p>Hace unos d\u00edas estuvieron presentes cuatro madres de familia, quienes tra\u00edan un escrito en donde daban a conocer algunas situaciones que seg\u00fan ellas se est\u00e1n dando en el centro educativo de aldea La Pastor\u00eda, seg\u00fan lo dio a conocer la Licda. Mar\u00eda Aracely Figueroa Directora Departamental de Educaci\u00f3n. MIRA: Los juegos magisteriales est\u00e1n autorizados por el MINEDUC De igual forma la direcci\u00f3n de la escuela tambi\u00e9n traslad\u00f3 algunos datos en relaci\u00f3n a este caso, lo que hicieron fue conformar una comisi\u00f3n para atender la situaci\u00f3n que presenta el centro educativo.&hellip;<\/p>\n","protected":false},"author":2,"featured_media":24434,"comment_status":"open","ping_status":"open","sticky":false,"template":"","format":"standard","meta":{"footnotes":""},"categories":[3],"tags":[8872,8871],"class_list":["post-24440","post","type-post","status-publish","format-standard","has-post-thumbnail","hentry","category-locales","tag-la-pastoria","tag-problemas-de-la-escuela"],"gutentor_comment":0,"_links":{"self":[{"href":"https:\/\/www.notijalapa.net\/noticias\/wp-json\/wp\/v2\/posts\/24440","targetHints":{"allow":["GET"]}}],"collection":[{"href":"https:\/\/www.notijalapa.net\/noticias\/wp-json\/wp\/v2\/posts"}],"about":[{"href":"https:\/\/www.notijalapa.net\/noticias\/wp-json\/wp\/v2\/types\/post"}],"author":[{"embeddable":true,"href":"https:\/\/www.notijalapa.net\/noticias\/wp-json\/wp\/v2\/users\/2"}],"replies":[{"embeddable":true,"href":"https:\/\/www.notijalapa.net\/noticias\/wp-json\/wp\/v2\/comments?post=24440"}],"version-history":[{"count":2,"href":"https:\/\/www.notijalapa.net\/noticias\/wp-json\/wp\/v2\/posts\/24440\/revisions"}],"predecessor-version":[{"id":24453,"href":"https:\/\/www.notijalapa.net\/noticias\/wp-json\/wp\/v2\/posts\/24440\/revisions\/24453"}],"wp:featuredmedia":[{"embeddable":true,"href":"https:\/\/www.notijalapa.net\/noticias\/wp-json\/wp\/v2\/media\/24434"}],"wp:attachment":[{"href":"https:\/\/www.notijalapa.net\/noticias\/wp-json\/wp\/v2\/media?parent=24440"}],"wp:term":[{"taxonomy":"category","embeddable":true,"href":"https:\/\/www.notijalapa.net\/noticias\/wp-json\/wp\/v2\/categories?post=24440"},{"taxonomy":"post_tag","embeddable":true,"href":"https:\/\/www.notijalapa.net\/noticias\/wp-json\/wp\/v2\/tags?post=24440"}],"curies":[{"name":"wp","href":"https:\/\/api.w.org\/{rel}","templated":true}]}}