{"id":24167,"date":"2025-03-26T10:49:46","date_gmt":"2025-03-26T10:49:46","guid":{"rendered":"https:\/\/www.notijalapa.net\/noticias\/?p=24167"},"modified":"2025-03-26T11:11:26","modified_gmt":"2025-03-26T11:11:26","slug":"tome-en-cuenta-las-medidas-de-prevencion-para-la-temporada-de-calor","status":"publish","type":"post","link":"https:\/\/www.notijalapa.net\/noticias\/2025\/03\/26\/tome-en-cuenta-las-medidas-de-prevencion-para-la-temporada-de-calor\/","title":{"rendered":"Tome en cuenta las medidas de prevenci\u00f3n para la temporada de calor"},"content":{"rendered":"<p>Siempre han informado que para esta temporada de calor los rayos del sol son m\u00e1s fuertes, es muy importante mantener la hidrataci\u00f3n, se debe tomar mucha agua ya que es el l\u00edquido vital que nos ayuda a tener esa energ\u00eda necesaria y cuando hay calor es cuando m\u00e1s hay que tomar agua, seg\u00fan lo dio a conocer Karla Ortega de la oficina de espacios amigables del Centro de Salud.<\/p>\n<p><a href=\"https:\/\/www.notijalapa.net\/noticias\/2025\/03\/26\/continuan-pagando-y-ejecutando-proyectos-2024\/\">MIRA: Contin\u00faan pagando y ejecutando proyectos 2024<\/a><\/p>\n<p>De igual manera es importante evitar los rayos del sol directamente porque nos ayuda a proteger nuestra piel, especialmente a los ni\u00f1os ya que la piel de ellos es m\u00e1s delicada, as\u00ed mismo, seguir las medidas de prevenci\u00f3n que el ministerio de salud tenga en esta temporada de calor.<\/p>\n<p><iframe loading=\"lazy\" title=\"Tome en cuenta las medidas de prevenci\u00f3n para la temporada de calor\" width=\"640\" height=\"360\" src=\"https:\/\/www.youtube.com\/embed\/h8-sjUFbkwg?feature=oembed\" frameborder=\"0\" allow=\"accelerometer; autoplay; clipboard-write; encrypted-media; gyroscope; picture-in-picture; web-share\" referrerpolicy=\"strict-origin-when-cross-origin\" allowfullscreen><\/iframe><\/p>\n<p>Es importante cuidarnos del sol y de la deshidrataci\u00f3n ahora que se acerca la semana santa, tomar las medidas de prevenci\u00f3n para no sufrir de un golpe de calor. Si va salir de vacaciones a otros lugares del pa\u00eds es importante usar bloqueador solar para evitar quemaduras, en especial si sufrimos de alg\u00fan problema en la piel.<\/p>\n<p style=\"text-align: center;\"><iframe loading=\"lazy\" style=\"border: none; overflow: hidden;\" src=\"https:\/\/www.facebook.com\/plugins\/post.php?href=https%3A%2F%2Fwww.facebook.com%2Fpermalink.php%3Fstory_fbid%3Dpfbid034hFr5rtN53gEFcLnUEyWWsTeZpon9vgj92BKThyFCM32Rg8Dri29jxiioTmPPcWUl%26id%3D100083158940816&amp;show_text=true&amp;width=500\" width=\"500\" height=\"794\" frameborder=\"0\" scrolling=\"no\" allowfullscreen=\"allowfullscreen\"><\/iframe><\/p>\n","protected":false},"excerpt":{"rendered":"<p>Siempre han informado que para esta temporada de calor los rayos del sol son m\u00e1s fuertes, es muy importante mantener la hidrataci\u00f3n, se debe tomar mucha agua ya que es el l\u00edquido vital que nos ayuda a tener esa energ\u00eda necesaria y cuando hay calor es cuando m\u00e1s hay que tomar agua, seg\u00fan lo dio a conocer Karla Ortega de la oficina de espacios amigables del Centro de Salud. MIRA: Contin\u00faan pagando y ejecutando proyectos 2024 De igual manera es importante evitar los rayos del sol directamente porque nos ayuda&hellip;<\/p>\n","protected":false},"author":2,"featured_media":24168,"comment_status":"open","ping_status":"open","sticky":false,"template":"","format":"standard","meta":{"footnotes":""},"categories":[3],"tags":[8746,8745],"class_list":["post-24167","post","type-post","status-publish","format-standard","has-post-thumbnail","hentry","category-locales","tag-para-la-temporada-de-calor","tag-tome-en-cuenta-las-medidas-de-prevencion"],"gutentor_comment":0,"_links":{"self":[{"href":"https:\/\/www.notijalapa.net\/noticias\/wp-json\/wp\/v2\/posts\/24167","targetHints":{"allow":["GET"]}}],"collection":[{"href":"https:\/\/www.notijalapa.net\/noticias\/wp-json\/wp\/v2\/posts"}],"about":[{"href":"https:\/\/www.notijalapa.net\/noticias\/wp-json\/wp\/v2\/types\/post"}],"author":[{"embeddable":true,"href":"https:\/\/www.notijalapa.net\/noticias\/wp-json\/wp\/v2\/users\/2"}],"replies":[{"embeddable":true,"href":"https:\/\/www.notijalapa.net\/noticias\/wp-json\/wp\/v2\/comments?post=24167"}],"version-history":[{"count":2,"href":"https:\/\/www.notijalapa.net\/noticias\/wp-json\/wp\/v2\/posts\/24167\/revisions"}],"predecessor-version":[{"id":24189,"href":"https:\/\/www.notijalapa.net\/noticias\/wp-json\/wp\/v2\/posts\/24167\/revisions\/24189"}],"wp:featuredmedia":[{"embeddable":true,"href":"https:\/\/www.notijalapa.net\/noticias\/wp-json\/wp\/v2\/media\/24168"}],"wp:attachment":[{"href":"https:\/\/www.notijalapa.net\/noticias\/wp-json\/wp\/v2\/media?parent=24167"}],"wp:term":[{"taxonomy":"category","embeddable":true,"href":"https:\/\/www.notijalapa.net\/noticias\/wp-json\/wp\/v2\/categories?post=24167"},{"taxonomy":"post_tag","embeddable":true,"href":"https:\/\/www.notijalapa.net\/noticias\/wp-json\/wp\/v2\/tags?post=24167"}],"curies":[{"name":"wp","href":"https:\/\/api.w.org\/{rel}","templated":true}]}}