{"id":24132,"date":"2025-03-22T13:28:26","date_gmt":"2025-03-22T13:28:26","guid":{"rendered":"https:\/\/www.notijalapa.net\/noticias\/?p=24132"},"modified":"2025-03-22T13:42:01","modified_gmt":"2025-03-22T13:42:01","slug":"preocupados-por-la-cantidad-de-muertes-por-accidentes-de-transito-en-el-departamento","status":"publish","type":"post","link":"https:\/\/www.notijalapa.net\/noticias\/2025\/03\/22\/preocupados-por-la-cantidad-de-muertes-por-accidentes-de-transito-en-el-departamento\/","title":{"rendered":"Preocupados por la cantidad de muertes por accidentes de tr\u00e1nsito en el departamento"},"content":{"rendered":"<p>A ellos como Ministerio P\u00fablico y a otras instituciones les preocupa que cada d\u00eda se reporten hechos de tr\u00e1nsito, lo m\u00e1s lamentable es, que en la cabecera departamental de Jalapa se reportan m\u00e1s muertes por accidentes de tr\u00e1nsito que por hechos de violencia, seg\u00fan lo dio a conocer el Lic. Mainor Garc\u00eda Fiscal Distrital del Ministerio P\u00fablico.<\/p>\n<p><a href=\"https:\/\/www.notijalapa.net\/noticias\/2025\/03\/22\/el-capturado-debera-responder-por-quitarle-la-vida-al-artista-del-tatuaje\/\">MIRA: El capturado deber\u00e1 responder por quitarle la vida al artista del tatuaje<\/a><\/p>\n<p>Es incre\u00edble la cantidad de personas que fallecieron por accidentes de tr\u00e1nsito en el a\u00f1o 2024, ya que fueron alrededor de 30, seg\u00fan un an\u00e1lisis de la Direcci\u00f3n del \u00c1rea Criminal del Ministerio P\u00fablico y estos superan la cantidad de muertes por hechos violentos.<\/p>\n<p><iframe loading=\"lazy\" title=\"Preocupados por la cantidad de muertes por accidentes de tr\u00e1nsito en el departamento\" width=\"640\" height=\"360\" src=\"https:\/\/www.youtube.com\/embed\/nH-AxZN8ZKU?feature=oembed\" frameborder=\"0\" allow=\"accelerometer; autoplay; clipboard-write; encrypted-media; gyroscope; picture-in-picture; web-share\" referrerpolicy=\"strict-origin-when-cross-origin\" allowfullscreen><\/iframe><\/p>\n<p>Es por eso que, las instituciones tienen la preocupaci\u00f3n por las consecuencias tristes y lamentables que se est\u00e1n dando y se est\u00e1n viendo como algo normal en el departamento, se est\u00e1n normalizando este tipo de tragedias que est\u00e1 afectando al pueblo y dejando a muchas familias enlutadas.<\/p>\n<p style=\"text-align: center;\"><iframe loading=\"lazy\" style=\"border: none; overflow: hidden;\" src=\"https:\/\/www.facebook.com\/plugins\/post.php?href=https%3A%2F%2Fwww.facebook.com%2Fpermalink.php%3Fstory_fbid%3Dpfbid0buCK4wi5bwuTfLiptFQsbUReowTPq6ipUXagqpPjxS1RgaRnbFNSBmx5hBid1Jhwl%26id%3D100083158940816&amp;show_text=true&amp;width=500\" width=\"500\" height=\"813\" frameborder=\"0\" scrolling=\"no\" allowfullscreen=\"allowfullscreen\"><\/iframe><\/p>\n","protected":false},"excerpt":{"rendered":"<p>A ellos como Ministerio P\u00fablico y a otras instituciones les preocupa que cada d\u00eda se reporten hechos de tr\u00e1nsito, lo m\u00e1s lamentable es, que en la cabecera departamental de Jalapa se reportan m\u00e1s muertes por accidentes de tr\u00e1nsito que por hechos de violencia, seg\u00fan lo dio a conocer el Lic. Mainor Garc\u00eda Fiscal Distrital del Ministerio P\u00fablico. MIRA: El capturado deber\u00e1 responder por quitarle la vida al artista del tatuaje Es incre\u00edble la cantidad de personas que fallecieron por accidentes de tr\u00e1nsito en el a\u00f1o 2024, ya que fueron alrededor&hellip;<\/p>\n","protected":false},"author":2,"featured_media":24123,"comment_status":"open","ping_status":"open","sticky":false,"template":"","format":"standard","meta":{"footnotes":""},"categories":[3],"tags":[8736,8735],"class_list":["post-24132","post","type-post","status-publish","format-standard","has-post-thumbnail","hentry","category-locales","tag-por-accidentes-de-transito-en-el-departamento","tag-preocupados-por-la-cantidad-de-muertes"],"gutentor_comment":0,"_links":{"self":[{"href":"https:\/\/www.notijalapa.net\/noticias\/wp-json\/wp\/v2\/posts\/24132","targetHints":{"allow":["GET"]}}],"collection":[{"href":"https:\/\/www.notijalapa.net\/noticias\/wp-json\/wp\/v2\/posts"}],"about":[{"href":"https:\/\/www.notijalapa.net\/noticias\/wp-json\/wp\/v2\/types\/post"}],"author":[{"embeddable":true,"href":"https:\/\/www.notijalapa.net\/noticias\/wp-json\/wp\/v2\/users\/2"}],"replies":[{"embeddable":true,"href":"https:\/\/www.notijalapa.net\/noticias\/wp-json\/wp\/v2\/comments?post=24132"}],"version-history":[{"count":2,"href":"https:\/\/www.notijalapa.net\/noticias\/wp-json\/wp\/v2\/posts\/24132\/revisions"}],"predecessor-version":[{"id":24138,"href":"https:\/\/www.notijalapa.net\/noticias\/wp-json\/wp\/v2\/posts\/24132\/revisions\/24138"}],"wp:featuredmedia":[{"embeddable":true,"href":"https:\/\/www.notijalapa.net\/noticias\/wp-json\/wp\/v2\/media\/24123"}],"wp:attachment":[{"href":"https:\/\/www.notijalapa.net\/noticias\/wp-json\/wp\/v2\/media?parent=24132"}],"wp:term":[{"taxonomy":"category","embeddable":true,"href":"https:\/\/www.notijalapa.net\/noticias\/wp-json\/wp\/v2\/categories?post=24132"},{"taxonomy":"post_tag","embeddable":true,"href":"https:\/\/www.notijalapa.net\/noticias\/wp-json\/wp\/v2\/tags?post=24132"}],"curies":[{"name":"wp","href":"https:\/\/api.w.org\/{rel}","templated":true}]}}