{"id":24126,"date":"2025-03-22T13:26:57","date_gmt":"2025-03-22T13:26:57","guid":{"rendered":"https:\/\/www.notijalapa.net\/noticias\/?p=24126"},"modified":"2025-03-22T13:44:43","modified_gmt":"2025-03-22T13:44:43","slug":"el-capturado-debera-responder-por-quitarle-la-vida-al-artista-del-tatuaje","status":"publish","type":"post","link":"https:\/\/www.notijalapa.net\/noticias\/2025\/03\/22\/el-capturado-debera-responder-por-quitarle-la-vida-al-artista-del-tatuaje\/","title":{"rendered":"El capturado deber\u00e1 responder por quitarle la vida al artista del tatuaje"},"content":{"rendered":"<p>El pasado jueves llevaron a cabo una diligencia de allanamiento en la Colonia Las Victorias del departamento de Jalapa, esto en seguimiento a la investigaci\u00f3n que se ten\u00eda relacionado con el hecho de violencia que ocurri\u00f3 el pasado domingo, en donde le dieron muerte a un hombre, seg\u00fan lo manifest\u00f3 el Lic. Mainor Garc\u00eda Fiscal Distrital del Ministerio P\u00fablico.<\/p>\n<p><a href=\"https:\/\/www.notijalapa.net\/noticias\/2025\/03\/22\/preocupados-por-la-cantidad-de-muertes-por-accidentes-de-transito-en-el-departamento\/\">MIRA: Preocupados por la cantidad de muertes por accidentes de tr\u00e1nsito en el departamento<\/a><\/p>\n<p>Con esta diligencia concluyeron con la detenci\u00f3n de Oliver Humberto Duarte Maldonado, quien es el presunto responsable de quitarle la vida al se\u00f1or Josu\u00e9 Alexander Galicia Ram\u00edrez; de 31 a\u00f1os, a causa de impactos de proyectil de arma de fuego. As\u00ed mismo, obtuvieron la incautaci\u00f3n de varios medios de investigaci\u00f3n que les ayudar\u00e1 a fundamentar este caso.<\/p>\n<p><iframe loading=\"lazy\" title=\"El capturado deber\u00e1 responder por quitarle la vida al artista del tatuaje\" width=\"640\" height=\"360\" src=\"https:\/\/www.youtube.com\/embed\/ESXIpuXilmY?feature=oembed\" frameborder=\"0\" allow=\"accelerometer; autoplay; clipboard-write; encrypted-media; gyroscope; picture-in-picture; web-share\" referrerpolicy=\"strict-origin-when-cross-origin\" allowfullscreen><\/iframe><\/p>\n<p>El presunto responsable tendr\u00e1 en enfrentar la justicia y al juez para determinar su responsabilidad penal en este hecho. Entre los medios de investigaci\u00f3n incautados est\u00e1 una motocicleta la cual re\u00fane las caracter\u00edsticas de lo que est\u00e1n investigando, as\u00ed como, tel\u00e9fonos celulares con los cuales obtendr\u00e1n la informaci\u00f3n que necesitan para establecer la responsabilidad a esta persona.<\/p>\n<p style=\"text-align: center;\"><iframe loading=\"lazy\" style=\"border: none; overflow: hidden;\" src=\"https:\/\/www.facebook.com\/plugins\/post.php?href=https%3A%2F%2Fwww.facebook.com%2Fpermalink.php%3Fstory_fbid%3Dpfbid02vk4RtaoWXawTXKDHN3c1iq8uLjxFE17KANAr4k2uC9s8dNPZ9QxBSJhGgFagPBMYl%26id%3D100083158940816&amp;show_text=true&amp;width=500\" width=\"500\" height=\"755\" frameborder=\"0\" scrolling=\"no\" allowfullscreen=\"allowfullscreen\"><\/iframe><\/p>\n","protected":false},"excerpt":{"rendered":"<p>El pasado jueves llevaron a cabo una diligencia de allanamiento en la Colonia Las Victorias del departamento de Jalapa, esto en seguimiento a la investigaci\u00f3n que se ten\u00eda relacionado con el hecho de violencia que ocurri\u00f3 el pasado domingo, en donde le dieron muerte a un hombre, seg\u00fan lo manifest\u00f3 el Lic. Mainor Garc\u00eda Fiscal Distrital del Ministerio P\u00fablico. MIRA: Preocupados por la cantidad de muertes por accidentes de tr\u00e1nsito en el departamento Con esta diligencia concluyeron con la detenci\u00f3n de Oliver Humberto Duarte Maldonado, quien es el presunto responsable&hellip;<\/p>\n","protected":false},"author":2,"featured_media":24120,"comment_status":"open","ping_status":"open","sticky":false,"template":"","format":"standard","meta":{"footnotes":""},"categories":[3],"tags":[8730,8731],"class_list":["post-24126","post","type-post","status-publish","format-standard","has-post-thumbnail","hentry","category-locales","tag-el-capturado-debera-responder-por-quitarle","tag-la-vida-al-artista-del-tatuaje"],"gutentor_comment":0,"_links":{"self":[{"href":"https:\/\/www.notijalapa.net\/noticias\/wp-json\/wp\/v2\/posts\/24126","targetHints":{"allow":["GET"]}}],"collection":[{"href":"https:\/\/www.notijalapa.net\/noticias\/wp-json\/wp\/v2\/posts"}],"about":[{"href":"https:\/\/www.notijalapa.net\/noticias\/wp-json\/wp\/v2\/types\/post"}],"author":[{"embeddable":true,"href":"https:\/\/www.notijalapa.net\/noticias\/wp-json\/wp\/v2\/users\/2"}],"replies":[{"embeddable":true,"href":"https:\/\/www.notijalapa.net\/noticias\/wp-json\/wp\/v2\/comments?post=24126"}],"version-history":[{"count":2,"href":"https:\/\/www.notijalapa.net\/noticias\/wp-json\/wp\/v2\/posts\/24126\/revisions"}],"predecessor-version":[{"id":24141,"href":"https:\/\/www.notijalapa.net\/noticias\/wp-json\/wp\/v2\/posts\/24126\/revisions\/24141"}],"wp:featuredmedia":[{"embeddable":true,"href":"https:\/\/www.notijalapa.net\/noticias\/wp-json\/wp\/v2\/media\/24120"}],"wp:attachment":[{"href":"https:\/\/www.notijalapa.net\/noticias\/wp-json\/wp\/v2\/media?parent=24126"}],"wp:term":[{"taxonomy":"category","embeddable":true,"href":"https:\/\/www.notijalapa.net\/noticias\/wp-json\/wp\/v2\/categories?post=24126"},{"taxonomy":"post_tag","embeddable":true,"href":"https:\/\/www.notijalapa.net\/noticias\/wp-json\/wp\/v2\/tags?post=24126"}],"curies":[{"name":"wp","href":"https:\/\/api.w.org\/{rel}","templated":true}]}}