{"id":24101,"date":"2025-03-21T10:45:06","date_gmt":"2025-03-21T10:45:06","guid":{"rendered":"https:\/\/www.notijalapa.net\/noticias\/?p=24101"},"modified":"2025-03-21T11:02:52","modified_gmt":"2025-03-21T11:02:52","slug":"maestros-piden-reforma-al-articulo-que-regula-la-responsabilidad-de-conductores","status":"publish","type":"post","link":"https:\/\/www.notijalapa.net\/noticias\/2025\/03\/21\/maestros-piden-reforma-al-articulo-que-regula-la-responsabilidad-de-conductores\/","title":{"rendered":"Maestros piden reforma al art\u00edculo que regula la responsabilidad de conductores"},"content":{"rendered":"<p>Este jueves como magisterio decidieron convocar a todo el departamento a realizar una concertaci\u00f3n en el parque central de Jalapa, con el objetivo de dar a conocer varias posturas que como magisterio han tomado para dirigirlas al congreso de la rep\u00fablica, seg\u00fan lo dio a conocer el Lic. Sender Jim\u00e9nez representantes del STEG.<\/p>\n<p><a href=\"https:\/\/www.notijalapa.net\/noticias\/2025\/03\/21\/la-escuela-para-padres-continua-con-presencia-en-jalapa\/\">MIRA: La escuela para padres contin\u00faa con presencia en Jalapa<\/a><\/p>\n<p>Invitaron a los tres diputados que representan al departamento de Jalapa, pero solo tuvieron comunicaci\u00f3n con el Diputado Jairo Orellana, quien les manifest\u00f3 que por reuni\u00f3n plenaria no podr\u00eda asistir, pero mandar\u00eda a un representante para que recibiera la postura del magisterio.<\/p>\n<p><iframe loading=\"lazy\" title=\"Maestros piden reforma al art\u00edculo que regula la responsabilidad de conductores\" width=\"640\" height=\"360\" src=\"https:\/\/www.youtube.com\/embed\/Yb2WT1VceXc?feature=oembed\" frameborder=\"0\" allow=\"accelerometer; autoplay; clipboard-write; encrypted-media; gyroscope; picture-in-picture; web-share\" referrerpolicy=\"strict-origin-when-cross-origin\" allowfullscreen><\/iframe><\/p>\n<p>Una de ellas es la iniciativa para reformar el art\u00edculo 157 del c\u00f3digo penal que regula la responsabilidad de conductores, estuvieron apoyando los maestros y padres del ni\u00f1o fallecido tr\u00e1gicamente en el municipio de Monjas, y esa es una de las posturas que van a presentar ante los diputados.<\/p>\n<p>Tambi\u00e9n se hab\u00edan adelantado como magisterio para colocar una postura sobre el seguro de veh\u00edculos, porque lo ven como una imposici\u00f3n que no favorecer\u00e1 a la poblaci\u00f3n guatemalteca y tambi\u00e9n sobre ello se le iba hacer entrega de un documento firmado por los docentes.<\/p>\n<p style=\"text-align: center;\"><iframe loading=\"lazy\" style=\"border: none; overflow: hidden;\" src=\"https:\/\/www.facebook.com\/plugins\/post.php?href=https%3A%2F%2Fwww.facebook.com%2Fpermalink.php%3Fstory_fbid%3Dpfbid02mJhVGp55YBPmLtc1VouuDRCg6aGp7FRRW6px5Z9ARMtcWnEsQrR8qvKz13ATX7bil%26id%3D100083158940816&amp;show_text=true&amp;width=500\" width=\"500\" height=\"774\" frameborder=\"0\" scrolling=\"no\" allowfullscreen=\"allowfullscreen\"><\/iframe><\/p>\n","protected":false},"excerpt":{"rendered":"<p>Este jueves como magisterio decidieron convocar a todo el departamento a realizar una concertaci\u00f3n en el parque central de Jalapa, con el objetivo de dar a conocer varias posturas que como magisterio han tomado para dirigirlas al congreso de la rep\u00fablica, seg\u00fan lo dio a conocer el Lic. Sender Jim\u00e9nez representantes del STEG. MIRA: La escuela para padres contin\u00faa con presencia en Jalapa Invitaron a los tres diputados que representan al departamento de Jalapa, pero solo tuvieron comunicaci\u00f3n con el Diputado Jairo Orellana, quien les manifest\u00f3 que por reuni\u00f3n plenaria&hellip;<\/p>\n","protected":false},"author":2,"featured_media":24095,"comment_status":"open","ping_status":"open","sticky":false,"template":"","format":"standard","meta":{"footnotes":""},"categories":[3],"tags":[8721,8720],"class_list":["post-24101","post","type-post","status-publish","format-standard","has-post-thumbnail","hentry","category-locales","tag-la-responsabilidad-de-conductores","tag-maestros-piden-reforma-al-articulo-que-regula"],"gutentor_comment":0,"_links":{"self":[{"href":"https:\/\/www.notijalapa.net\/noticias\/wp-json\/wp\/v2\/posts\/24101","targetHints":{"allow":["GET"]}}],"collection":[{"href":"https:\/\/www.notijalapa.net\/noticias\/wp-json\/wp\/v2\/posts"}],"about":[{"href":"https:\/\/www.notijalapa.net\/noticias\/wp-json\/wp\/v2\/types\/post"}],"author":[{"embeddable":true,"href":"https:\/\/www.notijalapa.net\/noticias\/wp-json\/wp\/v2\/users\/2"}],"replies":[{"embeddable":true,"href":"https:\/\/www.notijalapa.net\/noticias\/wp-json\/wp\/v2\/comments?post=24101"}],"version-history":[{"count":2,"href":"https:\/\/www.notijalapa.net\/noticias\/wp-json\/wp\/v2\/posts\/24101\/revisions"}],"predecessor-version":[{"id":24116,"href":"https:\/\/www.notijalapa.net\/noticias\/wp-json\/wp\/v2\/posts\/24101\/revisions\/24116"}],"wp:featuredmedia":[{"embeddable":true,"href":"https:\/\/www.notijalapa.net\/noticias\/wp-json\/wp\/v2\/media\/24095"}],"wp:attachment":[{"href":"https:\/\/www.notijalapa.net\/noticias\/wp-json\/wp\/v2\/media?parent=24101"}],"wp:term":[{"taxonomy":"category","embeddable":true,"href":"https:\/\/www.notijalapa.net\/noticias\/wp-json\/wp\/v2\/categories?post=24101"},{"taxonomy":"post_tag","embeddable":true,"href":"https:\/\/www.notijalapa.net\/noticias\/wp-json\/wp\/v2\/tags?post=24101"}],"curies":[{"name":"wp","href":"https:\/\/api.w.org\/{rel}","templated":true}]}}