{"id":24058,"date":"2025-03-19T10:55:26","date_gmt":"2025-03-19T10:55:26","guid":{"rendered":"https:\/\/www.notijalapa.net\/noticias\/?p=24058"},"modified":"2025-03-19T11:08:34","modified_gmt":"2025-03-19T11:08:34","slug":"empleados-de-salud-podrian-manifestar-por-no-cumplir-con-el-aumento","status":"publish","type":"post","link":"https:\/\/www.notijalapa.net\/noticias\/2025\/03\/19\/empleados-de-salud-podrian-manifestar-por-no-cumplir-con-el-aumento\/","title":{"rendered":"Empleados de salud podr\u00edan manifestar por no cumplir con el aumento"},"content":{"rendered":"<p>Est\u00e1 coordinando una actividad sindical que se llevar\u00e1 a cabo frente del ministerio en la ciudad capital para exigir que ya no toleran m\u00e1s que el se\u00f1or ministro est\u00e9 atrasando el aumento que ya aprobaron los diputados en el acuerdo 140, el cual cuando se aprob\u00f3 el presupuesto ya ven\u00eda incluido el aumento para todos los trabajadores, seg\u00fan lo manifest\u00f3 Am\u00edlcar Alay secretario general del sindicato frente nacional de lucha.<\/p>\n<p><a href=\"https:\/\/www.notijalapa.net\/noticias\/2025\/03\/19\/lo-requiere-la-justicia-para-que-responda-por-violencia-contra-la-mujer\/\">MIRA: Lo requiere la justicia, para que responda por violencia contra la mujer<\/a><\/p>\n<p>Tambi\u00e9n ya tienen el presupuesto para trasladar a las personas a plaza 011, especialmente para la carrera administrativa escalafonaria, ya no van a permitir que el se\u00f1or ministro este atrasando el aumento para todos los trabajadores de salud.<\/p>\n<p><iframe loading=\"lazy\" title=\"Empleados de salud podr\u00edan manifestar por no cumplir con el aumento\" width=\"640\" height=\"360\" src=\"https:\/\/www.youtube.com\/embed\/wBkZvY5fpsI?feature=oembed\" frameborder=\"0\" allow=\"accelerometer; autoplay; clipboard-write; encrypted-media; gyroscope; picture-in-picture; web-share\" referrerpolicy=\"strict-origin-when-cross-origin\" allowfullscreen><\/iframe><\/p>\n<p>Ya los diputados ya se aumentaron el salario y porque a los trabajadores de salud no les dan ese aumento digno que est\u00e1n pidiendo. Tambi\u00e9n ya les pidieron un informen por parte de la junta mixta del ministerio, no han dado alguna respuesta de cual fue el motivo que hab\u00edan dejado sin contrato a unas personas, pero esperan que den la orden para reinstalar a estas cuatro personas que se quedaron fuera a principios de a\u00f1o.<\/p>\n<p style=\"text-align: center;\"><iframe loading=\"lazy\" style=\"border: none; overflow: hidden;\" src=\"https:\/\/www.facebook.com\/plugins\/post.php?href=https%3A%2F%2Fwww.facebook.com%2Fpermalink.php%3Fstory_fbid%3Dpfbid03CyiFr3j8Gz3ZKbwfFMQCJC27jfqzED2GCtp3igVf2BCVcK2EArK16fCmGJzoMBgl%26id%3D100083158940816&amp;show_text=true&amp;width=500\" width=\"500\" height=\"506\" frameborder=\"0\" scrolling=\"no\" allowfullscreen=\"allowfullscreen\"><\/iframe><\/p>\n","protected":false},"excerpt":{"rendered":"<p>Est\u00e1 coordinando una actividad sindical que se llevar\u00e1 a cabo frente del ministerio en la ciudad capital para exigir que ya no toleran m\u00e1s que el se\u00f1or ministro est\u00e9 atrasando el aumento que ya aprobaron los diputados en el acuerdo 140, el cual cuando se aprob\u00f3 el presupuesto ya ven\u00eda incluido el aumento para todos los trabajadores, seg\u00fan lo manifest\u00f3 Am\u00edlcar Alay secretario general del sindicato frente nacional de lucha. MIRA: Lo requiere la justicia, para que responda por violencia contra la mujer Tambi\u00e9n ya tienen el presupuesto para trasladar&hellip;<\/p>\n","protected":false},"author":2,"featured_media":24049,"comment_status":"open","ping_status":"open","sticky":false,"template":"","format":"standard","meta":{"footnotes":""},"categories":[3],"tags":[8702,8703],"class_list":["post-24058","post","type-post","status-publish","format-standard","has-post-thumbnail","hentry","category-locales","tag-empleados-de-salud-podrian-manifestar","tag-por-no-cumplir-con-el-aumento"],"gutentor_comment":0,"_links":{"self":[{"href":"https:\/\/www.notijalapa.net\/noticias\/wp-json\/wp\/v2\/posts\/24058","targetHints":{"allow":["GET"]}}],"collection":[{"href":"https:\/\/www.notijalapa.net\/noticias\/wp-json\/wp\/v2\/posts"}],"about":[{"href":"https:\/\/www.notijalapa.net\/noticias\/wp-json\/wp\/v2\/types\/post"}],"author":[{"embeddable":true,"href":"https:\/\/www.notijalapa.net\/noticias\/wp-json\/wp\/v2\/users\/2"}],"replies":[{"embeddable":true,"href":"https:\/\/www.notijalapa.net\/noticias\/wp-json\/wp\/v2\/comments?post=24058"}],"version-history":[{"count":2,"href":"https:\/\/www.notijalapa.net\/noticias\/wp-json\/wp\/v2\/posts\/24058\/revisions"}],"predecessor-version":[{"id":24064,"href":"https:\/\/www.notijalapa.net\/noticias\/wp-json\/wp\/v2\/posts\/24058\/revisions\/24064"}],"wp:featuredmedia":[{"embeddable":true,"href":"https:\/\/www.notijalapa.net\/noticias\/wp-json\/wp\/v2\/media\/24049"}],"wp:attachment":[{"href":"https:\/\/www.notijalapa.net\/noticias\/wp-json\/wp\/v2\/media?parent=24058"}],"wp:term":[{"taxonomy":"category","embeddable":true,"href":"https:\/\/www.notijalapa.net\/noticias\/wp-json\/wp\/v2\/categories?post=24058"},{"taxonomy":"post_tag","embeddable":true,"href":"https:\/\/www.notijalapa.net\/noticias\/wp-json\/wp\/v2\/tags?post=24058"}],"curies":[{"name":"wp","href":"https:\/\/api.w.org\/{rel}","templated":true}]}}