{"id":23921,"date":"2025-03-12T10:53:05","date_gmt":"2025-03-12T10:53:05","guid":{"rendered":"https:\/\/www.notijalapa.net\/noticias\/?p=23921"},"modified":"2025-03-12T11:13:37","modified_gmt":"2025-03-12T11:13:37","slug":"conmemoran-el-dia-de-la-mujer","status":"publish","type":"post","link":"https:\/\/www.notijalapa.net\/noticias\/2025\/03\/12\/conmemoran-el-dia-de-la-mujer\/","title":{"rendered":"Conmemoran el d\u00eda de la mujer"},"content":{"rendered":"<p>Este martes, estuvieron en el parque central de Jalapa conmemorando el d\u00eda internacional de la mujer en conjunto con FUNDEBASE en donde participaron mujeres de diferentes comunidades del \u00e1rea rural del departamento, seg\u00fan lo dio a conocer Alexander Rosales de SVET.<\/p>\n<p><a href=\"https:\/\/www.notijalapa.net\/noticias\/2025\/03\/12\/imparable-la-delincuencia-en-jalapa\/\">MIRA: Imparable la delincuencia en Jalapa<\/a><\/p>\n<p>Tambi\u00e9n tuvieron la visita a varios establecimientos educativos con el fin de realizar jornadas formativas y darle a conocer a los estudiantes sobre los delitos de violencia sexual, explotaci\u00f3n y trata de personas con el prop\u00f3sito de fomentar la cultura de denuncias y que sepan que no se encuentran solos.<\/p>\n<p><iframe loading=\"lazy\" title=\"Conmemoran el d\u00eda de la mujer\" width=\"640\" height=\"360\" src=\"https:\/\/www.youtube.com\/embed\/cGDiwNPgJI4?feature=oembed\" frameborder=\"0\" allow=\"accelerometer; autoplay; clipboard-write; encrypted-media; gyroscope; picture-in-picture; web-share\" referrerpolicy=\"strict-origin-when-cross-origin\" allowfullscreen><\/iframe><\/p>\n<p>Durante el mes de marzo tienen programada la primera reuni\u00f3n ordinaria de la red VET en donde pretenden que las diferentes instituciones del departamento puedan participar y as\u00ed crear acciones en conjunto para prevenir los delitos en el departamento.<\/p>\n<p style=\"text-align: center;\"><iframe loading=\"lazy\" style=\"border: none; overflow: hidden;\" src=\"https:\/\/www.facebook.com\/plugins\/post.php?href=https%3A%2F%2Fwww.facebook.com%2Fpermalink.php%3Fstory_fbid%3Dpfbid0ihL3X5bJLSu1ri7TBj9sryDDpJxcZMEFBtmu6q8zvBnHx2Fu4RW3euGNkAYZefxal%26id%3D100083158940816&amp;show_text=true&amp;width=500\" width=\"500\" height=\"774\" frameborder=\"0\" scrolling=\"no\" allowfullscreen=\"allowfullscreen\"><\/iframe><\/p>\n","protected":false},"excerpt":{"rendered":"<p>Este martes, estuvieron en el parque central de Jalapa conmemorando el d\u00eda internacional de la mujer en conjunto con FUNDEBASE en donde participaron mujeres de diferentes comunidades del \u00e1rea rural del departamento, seg\u00fan lo dio a conocer Alexander Rosales de SVET. MIRA: Imparable la delincuencia en Jalapa Tambi\u00e9n tuvieron la visita a varios establecimientos educativos con el fin de realizar jornadas formativas y darle a conocer a los estudiantes sobre los delitos de violencia sexual, explotaci\u00f3n y trata de personas con el prop\u00f3sito de fomentar la cultura de denuncias y&hellip;<\/p>\n","protected":false},"author":2,"featured_media":23922,"comment_status":"open","ping_status":"open","sticky":false,"template":"","format":"standard","meta":{"footnotes":""},"categories":[3],"tags":[1094,8643],"class_list":["post-23921","post","type-post","status-publish","format-standard","has-post-thumbnail","hentry","category-locales","tag-conmemoran","tag-el-dia-de-la-mujer"],"gutentor_comment":0,"_links":{"self":[{"href":"https:\/\/www.notijalapa.net\/noticias\/wp-json\/wp\/v2\/posts\/23921","targetHints":{"allow":["GET"]}}],"collection":[{"href":"https:\/\/www.notijalapa.net\/noticias\/wp-json\/wp\/v2\/posts"}],"about":[{"href":"https:\/\/www.notijalapa.net\/noticias\/wp-json\/wp\/v2\/types\/post"}],"author":[{"embeddable":true,"href":"https:\/\/www.notijalapa.net\/noticias\/wp-json\/wp\/v2\/users\/2"}],"replies":[{"embeddable":true,"href":"https:\/\/www.notijalapa.net\/noticias\/wp-json\/wp\/v2\/comments?post=23921"}],"version-history":[{"count":2,"href":"https:\/\/www.notijalapa.net\/noticias\/wp-json\/wp\/v2\/posts\/23921\/revisions"}],"predecessor-version":[{"id":23944,"href":"https:\/\/www.notijalapa.net\/noticias\/wp-json\/wp\/v2\/posts\/23921\/revisions\/23944"}],"wp:featuredmedia":[{"embeddable":true,"href":"https:\/\/www.notijalapa.net\/noticias\/wp-json\/wp\/v2\/media\/23922"}],"wp:attachment":[{"href":"https:\/\/www.notijalapa.net\/noticias\/wp-json\/wp\/v2\/media?parent=23921"}],"wp:term":[{"taxonomy":"category","embeddable":true,"href":"https:\/\/www.notijalapa.net\/noticias\/wp-json\/wp\/v2\/categories?post=23921"},{"taxonomy":"post_tag","embeddable":true,"href":"https:\/\/www.notijalapa.net\/noticias\/wp-json\/wp\/v2\/tags?post=23921"}],"curies":[{"name":"wp","href":"https:\/\/api.w.org\/{rel}","templated":true}]}}