{"id":23809,"date":"2025-03-05T10:46:04","date_gmt":"2025-03-05T10:46:04","guid":{"rendered":"https:\/\/www.notijalapa.net\/noticias\/?p=23809"},"modified":"2025-03-05T10:58:53","modified_gmt":"2025-03-05T10:58:53","slug":"llevaba-un-arma-de-fuego-de-manera-ilegal-y-por-ello-no-obedecio-la-senal-de-alto","status":"publish","type":"post","link":"https:\/\/www.notijalapa.net\/noticias\/2025\/03\/05\/llevaba-un-arma-de-fuego-de-manera-ilegal-y-por-ello-no-obedecio-la-senal-de-alto\/","title":{"rendered":"Llevaba un arma de fuego de manera ilegal y por ello no obedeci\u00f3 la se\u00f1al de alto"},"content":{"rendered":"<p>La polic\u00eda nacional civil gracias a las denuncias de los ciudadanos, se logra la detenci\u00f3n del se\u00f1or Eduan Francisco L\u00f3pez Quijada; de 24 a\u00f1os, hecho ocurrido en el barrio San Sebasti\u00e1n, del municipio de San Luis Jilotepeque, Jalapa.<\/p>\n<p><a href=\"https:\/\/www.notijalapa.net\/noticias\/2025\/03\/05\/celebran-el-martes-de-carnaval-como-inicio-de-actividades-de-cuaresma\/\">MIRA: Celebran el martes de carnaval como inicio de actividades de cuaresma<\/a><\/p>\n<p>Seg\u00fan Jos\u00e9 V\u00e1squez de la oficina de comunicaci\u00f3n social de PNC, momentos despu\u00e9s que no obedeciera el alto que le marcaron los agentes para identificarlo, esto cuando viajaba en una motocicleta en la cual intent\u00f3 escapar, pero colision\u00f3 con otra moto, resultando una menor de 13 a\u00f1os con lesiones.<\/p>\n<p><iframe loading=\"lazy\" title=\"Llevaba un arma de fuego de manera ilegal y por ello no obedeci\u00f3 la se\u00f1al de alto\" width=\"640\" height=\"360\" src=\"https:\/\/www.youtube.com\/embed\/z4HWaNfuLJI?feature=oembed\" frameborder=\"0\" allow=\"accelerometer; autoplay; clipboard-write; encrypted-media; gyroscope; picture-in-picture; web-share\" referrerpolicy=\"strict-origin-when-cross-origin\" allowfullscreen><\/iframe><\/p>\n<p>Al detenido se le incaut\u00f3 un arma de fuego calibre 9mm, con un cargador y siete municiones, al momento de solicitarle la licencia de portaci\u00f3n que extienden la DIGECAM, indic\u00f3 carecer la misma.<\/p>\n<p>Cabe mencionar que, en Jalapa suman 15 las personas capturadas por el delito de portaci\u00f3n ilegal de arma de fuego y 19 armas han sido incautadas durante el a\u00f1o 2025.<\/p>\n<p style=\"text-align: center;\"><iframe loading=\"lazy\" style=\"border: none; overflow: hidden;\" src=\"https:\/\/www.facebook.com\/plugins\/post.php?href=https%3A%2F%2Fwww.facebook.com%2Fpermalink.php%3Fstory_fbid%3Dpfbid02vVJme3qij5nFzqSCM1Y5hZJ5KyVsUi8yYgrDgWtHRwojTvWoNPsSLNcvfSGVydhSl%26id%3D100083158940816&amp;show_text=true&amp;width=500\" width=\"500\" height=\"755\" frameborder=\"0\" scrolling=\"no\" allowfullscreen=\"allowfullscreen\"><\/iframe><\/p>\n","protected":false},"excerpt":{"rendered":"<p>La polic\u00eda nacional civil gracias a las denuncias de los ciudadanos, se logra la detenci\u00f3n del se\u00f1or Eduan Francisco L\u00f3pez Quijada; de 24 a\u00f1os, hecho ocurrido en el barrio San Sebasti\u00e1n, del municipio de San Luis Jilotepeque, Jalapa. MIRA: Celebran el martes de carnaval como inicio de actividades de cuaresma Seg\u00fan Jos\u00e9 V\u00e1squez de la oficina de comunicaci\u00f3n social de PNC, momentos despu\u00e9s que no obedeciera el alto que le marcaron los agentes para identificarlo, esto cuando viajaba en una motocicleta en la cual intent\u00f3 escapar, pero colision\u00f3 con otra&hellip;<\/p>\n","protected":false},"author":2,"featured_media":23801,"comment_status":"open","ping_status":"open","sticky":false,"template":"","format":"standard","meta":{"footnotes":""},"categories":[3],"tags":[8592,8593],"class_list":["post-23809","post","type-post","status-publish","format-standard","has-post-thumbnail","hentry","category-locales","tag-llevaba-un-arma-de-fuego-de-manera-ilegal","tag-por-ello-no-obedecio-la-senal-de-alto"],"gutentor_comment":0,"_links":{"self":[{"href":"https:\/\/www.notijalapa.net\/noticias\/wp-json\/wp\/v2\/posts\/23809","targetHints":{"allow":["GET"]}}],"collection":[{"href":"https:\/\/www.notijalapa.net\/noticias\/wp-json\/wp\/v2\/posts"}],"about":[{"href":"https:\/\/www.notijalapa.net\/noticias\/wp-json\/wp\/v2\/types\/post"}],"author":[{"embeddable":true,"href":"https:\/\/www.notijalapa.net\/noticias\/wp-json\/wp\/v2\/users\/2"}],"replies":[{"embeddable":true,"href":"https:\/\/www.notijalapa.net\/noticias\/wp-json\/wp\/v2\/comments?post=23809"}],"version-history":[{"count":2,"href":"https:\/\/www.notijalapa.net\/noticias\/wp-json\/wp\/v2\/posts\/23809\/revisions"}],"predecessor-version":[{"id":23818,"href":"https:\/\/www.notijalapa.net\/noticias\/wp-json\/wp\/v2\/posts\/23809\/revisions\/23818"}],"wp:featuredmedia":[{"embeddable":true,"href":"https:\/\/www.notijalapa.net\/noticias\/wp-json\/wp\/v2\/media\/23801"}],"wp:attachment":[{"href":"https:\/\/www.notijalapa.net\/noticias\/wp-json\/wp\/v2\/media?parent=23809"}],"wp:term":[{"taxonomy":"category","embeddable":true,"href":"https:\/\/www.notijalapa.net\/noticias\/wp-json\/wp\/v2\/categories?post=23809"},{"taxonomy":"post_tag","embeddable":true,"href":"https:\/\/www.notijalapa.net\/noticias\/wp-json\/wp\/v2\/tags?post=23809"}],"curies":[{"name":"wp","href":"https:\/\/api.w.org\/{rel}","templated":true}]}}