{"id":23807,"date":"2025-03-05T10:45:33","date_gmt":"2025-03-05T10:45:33","guid":{"rendered":"https:\/\/www.notijalapa.net\/noticias\/?p=23807"},"modified":"2025-03-05T10:59:46","modified_gmt":"2025-03-05T10:59:46","slug":"celebran-el-martes-de-carnaval-como-inicio-de-actividades-de-cuaresma","status":"publish","type":"post","link":"https:\/\/www.notijalapa.net\/noticias\/2025\/03\/05\/celebran-el-martes-de-carnaval-como-inicio-de-actividades-de-cuaresma\/","title":{"rendered":"Celebran el martes de carnaval como inicio de actividades de cuaresma"},"content":{"rendered":"<p>En los centros educativos siempre buscan seguir con las tradiciones, inculcando eso a los estudiantes el celebrar el martes de carnaval, seg\u00fan lo dio a conocer Wilber Lima director de la Escuela del Barrio El Provenir Jornada Matutina.<\/p>\n<p><a href=\"https:\/\/www.notijalapa.net\/noticias\/2025\/03\/05\/llevaba-un-arma-de-fuego-de-manera-ilegal-y-por-ello-no-obedecio-la-senal-de-alto\/\">MIRA: Llevaba un arma de fuego de manera ilegal y por ello no obedeci\u00f3 la se\u00f1al de alto<\/a><\/p>\n<p>Muchas costumbres y tradiciones se est\u00e1n desvaneciendo, pero ellos como educadores deben darles realce a estas actividades y vivir esto, para disfrutar y es parte de la recreaci\u00f3n de los alumnos.<\/p>\n<p><iframe loading=\"lazy\" title=\"Celebran el martes de carnaval como inicio de actividades de cuaresma\" width=\"640\" height=\"360\" src=\"https:\/\/www.youtube.com\/embed\/rqf3OJxVIjQ?feature=oembed\" frameborder=\"0\" allow=\"accelerometer; autoplay; clipboard-write; encrypted-media; gyroscope; picture-in-picture; web-share\" referrerpolicy=\"strict-origin-when-cross-origin\" allowfullscreen><\/iframe><\/p>\n<p>Les pidieron a los alumnos quienes pudieran llevar un disfraz, luego disfrutar el carnaval con la quiebra de cascarones y retacitos, un 85 por ciento de los estudiantes fueron con sus respectivos disfraces, los otros por su situaci\u00f3n econ\u00f3mica no pueden, pero no es obligatorio.<\/p>\n<p>Ellos como parte de las actividades premiaron el esfuerzo de las ni\u00f1as en llevar su disfraz, porque recordemos que, el carnaval es una actividad que abre la semana santa, es el inicio de la cuaresma, es parte de las tradiciones y hay que darle realce.<\/p>\n<p style=\"text-align: center;\"><iframe loading=\"lazy\" style=\"border: none; overflow: hidden;\" src=\"https:\/\/www.facebook.com\/plugins\/post.php?href=https%3A%2F%2Fwww.facebook.com%2Fpermalink.php%3Fstory_fbid%3Dpfbid02r9aUGuBCqHDY9or3DkLD2SCEa4TLLayHqX4q3hZqva2NnAxmKwEE8L7AB28vuHx8l%26id%3D100083158940816&amp;show_text=true&amp;width=500\" width=\"500\" height=\"487\" frameborder=\"0\" scrolling=\"no\" allowfullscreen=\"allowfullscreen\"><\/iframe><\/p>\n","protected":false},"excerpt":{"rendered":"<p>En los centros educativos siempre buscan seguir con las tradiciones, inculcando eso a los estudiantes el celebrar el martes de carnaval, seg\u00fan lo dio a conocer Wilber Lima director de la Escuela del Barrio El Provenir Jornada Matutina. MIRA: Llevaba un arma de fuego de manera ilegal y por ello no obedeci\u00f3 la se\u00f1al de alto Muchas costumbres y tradiciones se est\u00e1n desvaneciendo, pero ellos como educadores deben darles realce a estas actividades y vivir esto, para disfrutar y es parte de la recreaci\u00f3n de los alumnos. Les pidieron a&hellip;<\/p>\n","protected":false},"author":2,"featured_media":23800,"comment_status":"open","ping_status":"open","sticky":false,"template":"","format":"standard","meta":{"footnotes":""},"categories":[3],"tags":[8590,8591],"class_list":["post-23807","post","type-post","status-publish","format-standard","has-post-thumbnail","hentry","category-locales","tag-celebran-el-martes-de-carnaval-como","tag-inicio-de-actividades-de-cuaresma"],"gutentor_comment":0,"_links":{"self":[{"href":"https:\/\/www.notijalapa.net\/noticias\/wp-json\/wp\/v2\/posts\/23807","targetHints":{"allow":["GET"]}}],"collection":[{"href":"https:\/\/www.notijalapa.net\/noticias\/wp-json\/wp\/v2\/posts"}],"about":[{"href":"https:\/\/www.notijalapa.net\/noticias\/wp-json\/wp\/v2\/types\/post"}],"author":[{"embeddable":true,"href":"https:\/\/www.notijalapa.net\/noticias\/wp-json\/wp\/v2\/users\/2"}],"replies":[{"embeddable":true,"href":"https:\/\/www.notijalapa.net\/noticias\/wp-json\/wp\/v2\/comments?post=23807"}],"version-history":[{"count":2,"href":"https:\/\/www.notijalapa.net\/noticias\/wp-json\/wp\/v2\/posts\/23807\/revisions"}],"predecessor-version":[{"id":23819,"href":"https:\/\/www.notijalapa.net\/noticias\/wp-json\/wp\/v2\/posts\/23807\/revisions\/23819"}],"wp:featuredmedia":[{"embeddable":true,"href":"https:\/\/www.notijalapa.net\/noticias\/wp-json\/wp\/v2\/media\/23800"}],"wp:attachment":[{"href":"https:\/\/www.notijalapa.net\/noticias\/wp-json\/wp\/v2\/media?parent=23807"}],"wp:term":[{"taxonomy":"category","embeddable":true,"href":"https:\/\/www.notijalapa.net\/noticias\/wp-json\/wp\/v2\/categories?post=23807"},{"taxonomy":"post_tag","embeddable":true,"href":"https:\/\/www.notijalapa.net\/noticias\/wp-json\/wp\/v2\/tags?post=23807"}],"curies":[{"name":"wp","href":"https:\/\/api.w.org\/{rel}","templated":true}]}}