{"id":23797,"date":"2025-03-05T10:44:36","date_gmt":"2025-03-05T10:44:36","guid":{"rendered":"https:\/\/www.notijalapa.net\/noticias\/?p=23797"},"modified":"2025-03-05T11:01:33","modified_gmt":"2025-03-05T11:01:33","slug":"despues-de-15-anos-lograran-tener-la-carretera-de-san-carlos-alzatate","status":"publish","type":"post","link":"https:\/\/www.notijalapa.net\/noticias\/2025\/03\/05\/despues-de-15-anos-lograran-tener-la-carretera-de-san-carlos-alzatate\/","title":{"rendered":"Despu\u00e9s de 15 a\u00f1os lograr\u00e1n tener la carretera de San Carlos Alzatate"},"content":{"rendered":"<p>La semana pasada estuvieron reunidos con el se\u00f1or viceministro, en donde estuvo acompa\u00f1ado por el alcalde de San Carlos Alzatate porque \u00e9l tambi\u00e9n est\u00e1 muy comprometido con el tema de la carretera, en esta reuni\u00f3n llegaron a un acuerdo y tienen buenas noticias para ese pueblo, seg\u00fan lo manifest\u00f3 Jairo Orellana diputado por Jalapa.<\/p>\n<p><a href=\"https:\/\/www.notijalapa.net\/noticias\/2025\/03\/05\/entregan-mochilas-escolares-a-ninos\/\">MIRA: Entregan mochilas escolares a ni\u00f1os<\/a><\/p>\n<p>Fueron m\u00e1s de 15 a\u00f1os que les ven\u00edan diciendo que era una ruta judicializada y no pod\u00eda tener inversi\u00f3n del Estado, algo que es completamente falso, porque si puede tener esa inversi\u00f3n y est\u00e1n luchando para reactivar un proyecto por todo el tiempo que estuvo pr\u00e1cticamente estacionado, esperando que en los pr\u00f3ximos d\u00edas puedan asignarles el CDP para tener la viabilidad presupuestaria y darle inicio a esta carretera.<\/p>\n<p><iframe loading=\"lazy\" title=\"Despu\u00e9s de 15 a\u00f1os lograr\u00e1n tener la carretera de San Carlos Alzatate\" width=\"640\" height=\"360\" src=\"https:\/\/www.youtube.com\/embed\/-r8t6lYSTwM?feature=oembed\" frameborder=\"0\" allow=\"accelerometer; autoplay; clipboard-write; encrypted-media; gyroscope; picture-in-picture; web-share\" referrerpolicy=\"strict-origin-when-cross-origin\" allowfullscreen><\/iframe><\/p>\n<p>El se\u00f1or viceministro estuvo en una citaci\u00f3n con la bancada CABAL y \u00e9l mismo se comprometi\u00f3 p\u00fablicamente que entre dos o tres meses esa ruta tiene que dar inicio. Esto para ellos es muy satisfactorio porque era algo muy arriesgado apostarle a esa ruta por toda la historia que se contaba antes, pero gracias a la primera ministra que estuvo al frente de la instituci\u00f3n se tomaron el tiempo para revisar toda la estructura del proyecto hist\u00f3rico y realmente hab\u00eda una salida viable.<\/p>\n<p>Muy contentos por este proyecto que beneficiar\u00e1 a toda la gente de San Carlos Alzatate que ha estado condenada al subdesarrollo al tener una carretera intransitable y ese es uno de los factores principales por la que ese municipio est\u00e1 en situaciones de pobreza y pobreza extrema, puntualiz\u00f3 Orellana.<\/p>\n<p style=\"text-align: center;\"><iframe loading=\"lazy\" style=\"border: none; overflow: hidden;\" src=\"https:\/\/www.facebook.com\/plugins\/post.php?href=https%3A%2F%2Fwww.facebook.com%2Fpermalink.php%3Fstory_fbid%3Dpfbid026WXNPsSSwVEtphRztpZdfPMA7cMV57Bd3UfuMtthZCE5rbaJMcnnqa3A6BeXaq1El%26id%3D100083158940816&amp;show_text=true&amp;width=500\" width=\"500\" height=\"774\" frameborder=\"0\" scrolling=\"no\" allowfullscreen=\"allowfullscreen\"><\/iframe><\/p>\n","protected":false},"excerpt":{"rendered":"<p>La semana pasada estuvieron reunidos con el se\u00f1or viceministro, en donde estuvo acompa\u00f1ado por el alcalde de San Carlos Alzatate porque \u00e9l tambi\u00e9n est\u00e1 muy comprometido con el tema de la carretera, en esta reuni\u00f3n llegaron a un acuerdo y tienen buenas noticias para ese pueblo, seg\u00fan lo manifest\u00f3 Jairo Orellana diputado por Jalapa. MIRA: Entregan mochilas escolares a ni\u00f1os Fueron m\u00e1s de 15 a\u00f1os que les ven\u00edan diciendo que era una ruta judicializada y no pod\u00eda tener inversi\u00f3n del Estado, algo que es completamente falso, porque si puede tener&hellip;<\/p>\n","protected":false},"author":2,"featured_media":23798,"comment_status":"open","ping_status":"open","sticky":false,"template":"","format":"standard","meta":{"footnotes":""},"categories":[3],"tags":[8586,8587],"class_list":["post-23797","post","type-post","status-publish","format-standard","has-post-thumbnail","hentry","category-locales","tag-despues-de-15-anos-lograran-tener","tag-la-carretera-de-san-carlos-alzatate"],"gutentor_comment":0,"_links":{"self":[{"href":"https:\/\/www.notijalapa.net\/noticias\/wp-json\/wp\/v2\/posts\/23797","targetHints":{"allow":["GET"]}}],"collection":[{"href":"https:\/\/www.notijalapa.net\/noticias\/wp-json\/wp\/v2\/posts"}],"about":[{"href":"https:\/\/www.notijalapa.net\/noticias\/wp-json\/wp\/v2\/types\/post"}],"author":[{"embeddable":true,"href":"https:\/\/www.notijalapa.net\/noticias\/wp-json\/wp\/v2\/users\/2"}],"replies":[{"embeddable":true,"href":"https:\/\/www.notijalapa.net\/noticias\/wp-json\/wp\/v2\/comments?post=23797"}],"version-history":[{"count":2,"href":"https:\/\/www.notijalapa.net\/noticias\/wp-json\/wp\/v2\/posts\/23797\/revisions"}],"predecessor-version":[{"id":23821,"href":"https:\/\/www.notijalapa.net\/noticias\/wp-json\/wp\/v2\/posts\/23797\/revisions\/23821"}],"wp:featuredmedia":[{"embeddable":true,"href":"https:\/\/www.notijalapa.net\/noticias\/wp-json\/wp\/v2\/media\/23798"}],"wp:attachment":[{"href":"https:\/\/www.notijalapa.net\/noticias\/wp-json\/wp\/v2\/media?parent=23797"}],"wp:term":[{"taxonomy":"category","embeddable":true,"href":"https:\/\/www.notijalapa.net\/noticias\/wp-json\/wp\/v2\/categories?post=23797"},{"taxonomy":"post_tag","embeddable":true,"href":"https:\/\/www.notijalapa.net\/noticias\/wp-json\/wp\/v2\/tags?post=23797"}],"curies":[{"name":"wp","href":"https:\/\/api.w.org\/{rel}","templated":true}]}}