{"id":23784,"date":"2025-03-04T10:43:58","date_gmt":"2025-03-04T10:43:58","guid":{"rendered":"https:\/\/www.notijalapa.net\/noticias\/?p=23784"},"modified":"2025-03-04T10:57:44","modified_gmt":"2025-03-04T10:57:44","slug":"prevengamos-los-incendios-forestales-en-este-verano","status":"publish","type":"post","link":"https:\/\/www.notijalapa.net\/noticias\/2025\/03\/04\/prevengamos-los-incendios-forestales-en-este-verano\/","title":{"rendered":"Prevengamos los incendios forestales en este verano"},"content":{"rendered":"<p>En reuni\u00f3n de consejos de desarrollo ellos como CONRED, solicitaron un punto ante el pleno, para hacerles conciencia a todos los jefes de instituciones, alcaldes y la gobernadora, para que apoyen todo el tema de prevenci\u00f3n desde las instituciones, con el fin de prevenir y mitigar los incendios, seg\u00fan lo dio a conocer el Lic. Cristian Estrada delegado de la CONRED.<\/p>\n<p><a href=\"https:\/\/www.notijalapa.net\/noticias\/2025\/03\/04\/portaba-bajo-efectos-de-licor-un-arma-de-fuego-y-sin-licencia\/\">MIRA: Portaba bajo efectos de licor un arma de fuego y sin licencia<\/a><\/p>\n<p>Si nos damos cuenta el a\u00f1o pasado fue una temporada muy dif\u00edcil, por el tema del fen\u00f3meno del ni\u00f1o y esperan que este a\u00f1o, esa concientizaci\u00f3n d\u00e9 sus frutos y con ello evitar el tema de que se disparen los incendios forestales en el departamento de Jalapa.<\/p>\n<p><iframe loading=\"lazy\" title=\"Prevengamos los incendios forestales en este verano\" width=\"640\" height=\"360\" src=\"https:\/\/www.youtube.com\/embed\/RdBNfGGY920?feature=oembed\" frameborder=\"0\" allow=\"accelerometer; autoplay; clipboard-write; encrypted-media; gyroscope; picture-in-picture; web-share\" referrerpolicy=\"strict-origin-when-cross-origin\" allowfullscreen><\/iframe><\/p>\n<p>Una de las estrategias es realizar un calendario interno interinstitucional, el cual les permite el apoyo para movilizar a la brigada de CONRED, mensualmente comparte un calendario de turno, para que apoyen con el traslado de las personas a los lugares donde se reportan incendios y sofocarlos.<\/p>\n<p style=\"text-align: center;\"><iframe loading=\"lazy\" style=\"border: none; overflow: hidden;\" src=\"https:\/\/www.facebook.com\/plugins\/post.php?href=https%3A%2F%2Fwww.facebook.com%2Fpermalink.php%3Fstory_fbid%3Dpfbid02WYhYQf78q4L35oRGKphCVQRmnLdaJgA5Xprj59tsxXqNekHLa5QHF1oh9ZUTax8Ul%26id%3D100083158940816&amp;show_text=true&amp;width=500\" width=\"500\" height=\"487\" frameborder=\"0\" scrolling=\"no\" allowfullscreen=\"allowfullscreen\"><\/iframe><\/p>\n","protected":false},"excerpt":{"rendered":"<p>En reuni\u00f3n de consejos de desarrollo ellos como CONRED, solicitaron un punto ante el pleno, para hacerles conciencia a todos los jefes de instituciones, alcaldes y la gobernadora, para que apoyen todo el tema de prevenci\u00f3n desde las instituciones, con el fin de prevenir y mitigar los incendios, seg\u00fan lo dio a conocer el Lic. Cristian Estrada delegado de la CONRED. MIRA: Portaba bajo efectos de licor un arma de fuego y sin licencia Si nos damos cuenta el a\u00f1o pasado fue una temporada muy dif\u00edcil, por el tema del&hellip;<\/p>\n","protected":false},"author":2,"featured_media":23775,"comment_status":"open","ping_status":"open","sticky":false,"template":"","format":"standard","meta":{"footnotes":""},"categories":[3],"tags":[8582,8581],"class_list":["post-23784","post","type-post","status-publish","format-standard","has-post-thumbnail","hentry","category-locales","tag-forestales-en-este-verano","tag-prevengamos-los-incendios"],"gutentor_comment":0,"_links":{"self":[{"href":"https:\/\/www.notijalapa.net\/noticias\/wp-json\/wp\/v2\/posts\/23784","targetHints":{"allow":["GET"]}}],"collection":[{"href":"https:\/\/www.notijalapa.net\/noticias\/wp-json\/wp\/v2\/posts"}],"about":[{"href":"https:\/\/www.notijalapa.net\/noticias\/wp-json\/wp\/v2\/types\/post"}],"author":[{"embeddable":true,"href":"https:\/\/www.notijalapa.net\/noticias\/wp-json\/wp\/v2\/users\/2"}],"replies":[{"embeddable":true,"href":"https:\/\/www.notijalapa.net\/noticias\/wp-json\/wp\/v2\/comments?post=23784"}],"version-history":[{"count":2,"href":"https:\/\/www.notijalapa.net\/noticias\/wp-json\/wp\/v2\/posts\/23784\/revisions"}],"predecessor-version":[{"id":23793,"href":"https:\/\/www.notijalapa.net\/noticias\/wp-json\/wp\/v2\/posts\/23784\/revisions\/23793"}],"wp:featuredmedia":[{"embeddable":true,"href":"https:\/\/www.notijalapa.net\/noticias\/wp-json\/wp\/v2\/media\/23775"}],"wp:attachment":[{"href":"https:\/\/www.notijalapa.net\/noticias\/wp-json\/wp\/v2\/media?parent=23784"}],"wp:term":[{"taxonomy":"category","embeddable":true,"href":"https:\/\/www.notijalapa.net\/noticias\/wp-json\/wp\/v2\/categories?post=23784"},{"taxonomy":"post_tag","embeddable":true,"href":"https:\/\/www.notijalapa.net\/noticias\/wp-json\/wp\/v2\/tags?post=23784"}],"curies":[{"name":"wp","href":"https:\/\/api.w.org\/{rel}","templated":true}]}}