{"id":23780,"date":"2025-03-04T10:42:59","date_gmt":"2025-03-04T10:42:59","guid":{"rendered":"https:\/\/www.notijalapa.net\/noticias\/?p=23780"},"modified":"2025-03-04T11:00:00","modified_gmt":"2025-03-04T11:00:00","slug":"clima-soleado-para-esta-semana","status":"publish","type":"post","link":"https:\/\/www.notijalapa.net\/noticias\/2025\/03\/04\/clima-soleado-para-esta-semana\/","title":{"rendered":"Clima soleado para esta semana"},"content":{"rendered":"<p>Seg\u00fan los pron\u00f3sticos que les han enviado por parte del insivumeh, para esta semana se tendr\u00e1 un clima bastante soleado, t\u00edpico ya de las condiciones de verano, los frentes fr\u00edos ya se est\u00e1n desplazando, seg\u00fan lo dio a conocer el Lic. Cristian Estrada delegado de la CONRED.<\/p>\n<p><a href=\"https:\/\/www.notijalapa.net\/noticias\/2025\/03\/04\/robo-en-una-construccion-y-fue-detenido\/\">MIRA: Rob\u00f3 en una construcci\u00f3n y fue detenido<\/a><\/p>\n<p>Los fr\u00edos leventemente se van a ir desapareciendo, porque en horas de la tarde o madrugada, el frio va a ir disminuyendo y se van a comenzar a presentar largos periodos de sol, eso quiere decir que los rayos del sol ser\u00e1n mucho m\u00e1s intensos.<\/p>\n<p><iframe loading=\"lazy\" title=\"Clima soleado para esta semana\" width=\"640\" height=\"360\" src=\"https:\/\/www.youtube.com\/embed\/pd1C-0Ag_2o?feature=oembed\" frameborder=\"0\" allow=\"accelerometer; autoplay; clipboard-write; encrypted-media; gyroscope; picture-in-picture; web-share\" referrerpolicy=\"strict-origin-when-cross-origin\" allowfullscreen><\/iframe><\/p>\n<p>Hace un llamado a las personas a que no se expongan a los rayos del sol y si lo van hacer que sea por el menor tiempo posible, con el objetivo de evitar da\u00f1os en la salud. As\u00ed mismo evitar los incendios forestales, porque se prev\u00e9 que para este mes se disparen las estad\u00edsticas en este tema.<\/p>\n<p style=\"text-align: center;\"><iframe loading=\"lazy\" style=\"border: none; overflow: hidden;\" src=\"https:\/\/www.facebook.com\/plugins\/post.php?href=https%3A%2F%2Fwww.facebook.com%2Fpermalink.php%3Fstory_fbid%3Dpfbid037f9913HhyY5jhxf45xAZ3JKEC8a4uN5cWa1SydhNSrTpBpHSwCb3CYwQzWZFoofEl%26id%3D100083158940816&amp;show_text=true&amp;width=500\" width=\"500\" height=\"755\" frameborder=\"0\" scrolling=\"no\" allowfullscreen=\"allowfullscreen\"><\/iframe><\/p>\n","protected":false},"excerpt":{"rendered":"<p>Seg\u00fan los pron\u00f3sticos que les han enviado por parte del insivumeh, para esta semana se tendr\u00e1 un clima bastante soleado, t\u00edpico ya de las condiciones de verano, los frentes fr\u00edos ya se est\u00e1n desplazando, seg\u00fan lo dio a conocer el Lic. Cristian Estrada delegado de la CONRED. MIRA: Rob\u00f3 en una construcci\u00f3n y fue detenido Los fr\u00edos leventemente se van a ir desapareciendo, porque en horas de la tarde o madrugada, el frio va a ir disminuyendo y se van a comenzar a presentar largos periodos de sol, eso quiere&hellip;<\/p>\n","protected":false},"author":2,"featured_media":23775,"comment_status":"open","ping_status":"open","sticky":false,"template":"","format":"standard","meta":{"footnotes":""},"categories":[3],"tags":[8578,3876],"class_list":["post-23780","post","type-post","status-publish","format-standard","has-post-thumbnail","hentry","category-locales","tag-clima-soleado","tag-para-esta-semana"],"gutentor_comment":0,"_links":{"self":[{"href":"https:\/\/www.notijalapa.net\/noticias\/wp-json\/wp\/v2\/posts\/23780","targetHints":{"allow":["GET"]}}],"collection":[{"href":"https:\/\/www.notijalapa.net\/noticias\/wp-json\/wp\/v2\/posts"}],"about":[{"href":"https:\/\/www.notijalapa.net\/noticias\/wp-json\/wp\/v2\/types\/post"}],"author":[{"embeddable":true,"href":"https:\/\/www.notijalapa.net\/noticias\/wp-json\/wp\/v2\/users\/2"}],"replies":[{"embeddable":true,"href":"https:\/\/www.notijalapa.net\/noticias\/wp-json\/wp\/v2\/comments?post=23780"}],"version-history":[{"count":2,"href":"https:\/\/www.notijalapa.net\/noticias\/wp-json\/wp\/v2\/posts\/23780\/revisions"}],"predecessor-version":[{"id":23795,"href":"https:\/\/www.notijalapa.net\/noticias\/wp-json\/wp\/v2\/posts\/23780\/revisions\/23795"}],"wp:featuredmedia":[{"embeddable":true,"href":"https:\/\/www.notijalapa.net\/noticias\/wp-json\/wp\/v2\/media\/23775"}],"wp:attachment":[{"href":"https:\/\/www.notijalapa.net\/noticias\/wp-json\/wp\/v2\/media?parent=23780"}],"wp:term":[{"taxonomy":"category","embeddable":true,"href":"https:\/\/www.notijalapa.net\/noticias\/wp-json\/wp\/v2\/categories?post=23780"},{"taxonomy":"post_tag","embeddable":true,"href":"https:\/\/www.notijalapa.net\/noticias\/wp-json\/wp\/v2\/tags?post=23780"}],"curies":[{"name":"wp","href":"https:\/\/api.w.org\/{rel}","templated":true}]}}