{"id":23608,"date":"2025-02-21T10:47:00","date_gmt":"2025-02-21T10:47:00","guid":{"rendered":"https:\/\/www.notijalapa.net\/noticias\/?p=23608"},"modified":"2025-02-21T11:05:58","modified_gmt":"2025-02-21T11:05:58","slug":"estudiantes-del-sector-publico-iniciaron-el-ciclo-escolar-2025","status":"publish","type":"post","link":"https:\/\/www.notijalapa.net\/noticias\/2025\/02\/21\/estudiantes-del-sector-publico-iniciaron-el-ciclo-escolar-2025\/","title":{"rendered":"Estudiantes del sector p\u00fablico iniciaron el ciclo escolar 2025"},"content":{"rendered":"<p>El pasado mi\u00e9rcoles, le dieron cumplimiento a lo que est\u00e1 establecido en el calendario escolar para este a\u00f1o y en todos los centros educativos a las 9:00 horas, se realiz\u00f3 el acto de la inauguraci\u00f3n del ciclo escolar con presencia de los alumnos, seg\u00fan lo dio a conocer el Lic. Jos\u00e9 Adelino Ucelo supervisor educativo de nivel medio sector oficial de DIDEDUC.<\/p>\n<p><a href=\"https:\/\/www.notijalapa.net\/noticias\/2025\/02\/21\/autoridades-de-inab-visitan-el-departamento-de-jalapa\/\">MIRA: Autoridades de INAB visitan el departamento de Jalapa<\/a><\/p>\n<p>Por la tarde a partir de las 14:00 horas, realizaron todos los actos de inauguraci\u00f3n del ciclo escolar en todos los centros educativos, de igual forma con la presencia de los alumnos que seguir\u00e1n en la jornada vespertina.<\/p>\n<p><iframe loading=\"lazy\" title=\"Estudiantes del sector p\u00fablico iniciaron el ciclo escolar 2025\" width=\"640\" height=\"360\" src=\"https:\/\/www.youtube.com\/embed\/bScQEcvwxJc?feature=oembed\" frameborder=\"0\" allow=\"accelerometer; autoplay; clipboard-write; encrypted-media; gyroscope; picture-in-picture; web-share\" referrerpolicy=\"strict-origin-when-cross-origin\" allowfullscreen><\/iframe><\/p>\n<p>Con esto, da inicio al ciclo escolar para el sector p\u00fablico, ya se realizaron los actos de inauguraci\u00f3n y ahora ya depende de cada centro educativo iniciar con el proceso de ense\u00f1anza y aprendizaje y cumplir con el calendario escolar.<\/p>\n<p style=\"text-align: center;\"><iframe loading=\"lazy\" style=\"border: none; overflow: hidden;\" src=\"https:\/\/www.facebook.com\/plugins\/post.php?href=https%3A%2F%2Fwww.facebook.com%2Fpermalink.php%3Fstory_fbid%3Dpfbid02NPVAdCtGSxT9pEB9mE8U8uwrqViGLnNPm6hfjW91k4ErdWQj4bRV3xSuQDh8fgewl%26id%3D100083158940816&amp;show_text=true&amp;width=500\" width=\"500\" height=\"794\" frameborder=\"0\" scrolling=\"no\" allowfullscreen=\"allowfullscreen\"><\/iframe><\/p>\n","protected":false},"excerpt":{"rendered":"<p>El pasado mi\u00e9rcoles, le dieron cumplimiento a lo que est\u00e1 establecido en el calendario escolar para este a\u00f1o y en todos los centros educativos a las 9:00 horas, se realiz\u00f3 el acto de la inauguraci\u00f3n del ciclo escolar con presencia de los alumnos, seg\u00fan lo dio a conocer el Lic. Jos\u00e9 Adelino Ucelo supervisor educativo de nivel medio sector oficial de DIDEDUC. MIRA: Autoridades de INAB visitan el departamento de Jalapa Por la tarde a partir de las 14:00 horas, realizaron todos los actos de inauguraci\u00f3n del ciclo escolar en&hellip;<\/p>\n","protected":false},"author":2,"featured_media":23609,"comment_status":"open","ping_status":"open","sticky":false,"template":"","format":"standard","meta":{"footnotes":""},"categories":[3],"tags":[8509,8510],"class_list":["post-23608","post","type-post","status-publish","format-standard","has-post-thumbnail","hentry","category-locales","tag-estudiantes-del-sector-publico","tag-iniciaron-el-ciclo-escolar-2025"],"gutentor_comment":0,"_links":{"self":[{"href":"https:\/\/www.notijalapa.net\/noticias\/wp-json\/wp\/v2\/posts\/23608","targetHints":{"allow":["GET"]}}],"collection":[{"href":"https:\/\/www.notijalapa.net\/noticias\/wp-json\/wp\/v2\/posts"}],"about":[{"href":"https:\/\/www.notijalapa.net\/noticias\/wp-json\/wp\/v2\/types\/post"}],"author":[{"embeddable":true,"href":"https:\/\/www.notijalapa.net\/noticias\/wp-json\/wp\/v2\/users\/2"}],"replies":[{"embeddable":true,"href":"https:\/\/www.notijalapa.net\/noticias\/wp-json\/wp\/v2\/comments?post=23608"}],"version-history":[{"count":2,"href":"https:\/\/www.notijalapa.net\/noticias\/wp-json\/wp\/v2\/posts\/23608\/revisions"}],"predecessor-version":[{"id":23631,"href":"https:\/\/www.notijalapa.net\/noticias\/wp-json\/wp\/v2\/posts\/23608\/revisions\/23631"}],"wp:featuredmedia":[{"embeddable":true,"href":"https:\/\/www.notijalapa.net\/noticias\/wp-json\/wp\/v2\/media\/23609"}],"wp:attachment":[{"href":"https:\/\/www.notijalapa.net\/noticias\/wp-json\/wp\/v2\/media?parent=23608"}],"wp:term":[{"taxonomy":"category","embeddable":true,"href":"https:\/\/www.notijalapa.net\/noticias\/wp-json\/wp\/v2\/categories?post=23608"},{"taxonomy":"post_tag","embeddable":true,"href":"https:\/\/www.notijalapa.net\/noticias\/wp-json\/wp\/v2\/tags?post=23608"}],"curies":[{"name":"wp","href":"https:\/\/api.w.org\/{rel}","templated":true}]}}