{"id":23597,"date":"2025-02-20T10:44:40","date_gmt":"2025-02-20T10:44:40","guid":{"rendered":"https:\/\/www.notijalapa.net\/noticias\/?p=23597"},"modified":"2025-02-20T10:59:11","modified_gmt":"2025-02-20T10:59:11","slug":"los-reservistas-militares-tendran-diferentes-capacitaciones-y-entrenamientos","status":"publish","type":"post","link":"https:\/\/www.notijalapa.net\/noticias\/2025\/02\/20\/los-reservistas-militares-tendran-diferentes-capacitaciones-y-entrenamientos\/","title":{"rendered":"Los reservistas militares tendr\u00e1n diferentes capacitaciones y entrenamientos"},"content":{"rendered":"<p>Los reservistas militares durante el periodo de este a\u00f1o estar\u00e1n recibiendo el entrenamiento y capacitaci\u00f3n a cerca de diferentes temas, como la ayuda humanitaria, los rescates, incendios forestales, apoyo en salud y educaci\u00f3n, seg\u00fan lo dio a conocer el Coronel H\u00e9ctor Horacio D\u00e1vila comandante de las Reservas Militares de Jalapa.<\/p>\n<p><a href=\"https:\/\/www.notijalapa.net\/noticias\/2025\/02\/20\/los-amigos-de-lo-ajeno-robaron-una-reja-del-centro-educativo\/\">MIRA: Los amigos de lo ajeno robaron una reja del centro educativo<\/a><\/p>\n<p>En el tema de incendios forestales los reservistas estar\u00e1n recibiendo las capacitaciones correspondientes a ese tema por medio de la CONRED quienes los que han apoyado en esta situaci\u00f3n para tener un grupo de personas capacitadas que puedan apoyar en este sentido cuando sea necesario.<\/p>\n<p><iframe loading=\"lazy\" title=\"Los reservistas militares tendr\u00e1n diferentes capacitaciones y entrenamientos\" width=\"640\" height=\"360\" src=\"https:\/\/www.youtube.com\/embed\/jPNWaf_cXJw?feature=oembed\" frameborder=\"0\" allow=\"accelerometer; autoplay; clipboard-write; encrypted-media; gyroscope; picture-in-picture; web-share\" referrerpolicy=\"strict-origin-when-cross-origin\" allowfullscreen><\/iframe><\/p>\n<p>Tambi\u00e9n consideran que, los incendios forestales es un tema que ya se ha tornado consecuente cada vez que llega el verano y afecta de alguna manera a la flora y fauna a nivel nacional, y Jalapa no es la excepci\u00f3n.<\/p>\n<p style=\"text-align: center;\"><iframe loading=\"lazy\" style=\"border: none; overflow: hidden;\" src=\"https:\/\/www.facebook.com\/plugins\/post.php?href=https%3A%2F%2Fwww.facebook.com%2Fpermalink.php%3Fstory_fbid%3Dpfbid0Esr8ekWLmvgHPp1gnD5nFovr1sQ2Ka7N6i1CkBJKtqwtLrQ2smpfUNiGsqmzZ2Qpl%26id%3D100083158940816&amp;show_text=true&amp;width=500\" width=\"500\" height=\"525\" frameborder=\"0\" scrolling=\"no\" allowfullscreen=\"allowfullscreen\"><\/iframe><\/p>\n","protected":false},"excerpt":{"rendered":"<p>Los reservistas militares durante el periodo de este a\u00f1o estar\u00e1n recibiendo el entrenamiento y capacitaci\u00f3n a cerca de diferentes temas, como la ayuda humanitaria, los rescates, incendios forestales, apoyo en salud y educaci\u00f3n, seg\u00fan lo dio a conocer el Coronel H\u00e9ctor Horacio D\u00e1vila comandante de las Reservas Militares de Jalapa. MIRA: Los amigos de lo ajeno robaron una reja del centro educativo En el tema de incendios forestales los reservistas estar\u00e1n recibiendo las capacitaciones correspondientes a ese tema por medio de la CONRED quienes los que han apoyado en esta&hellip;<\/p>\n","protected":false},"author":2,"featured_media":23583,"comment_status":"open","ping_status":"open","sticky":false,"template":"","format":"standard","meta":{"footnotes":""},"categories":[3],"tags":[8508,8507],"class_list":["post-23597","post","type-post","status-publish","format-standard","has-post-thumbnail","hentry","category-locales","tag-capacitaciones-y-entrenamientos","tag-los-reservistas-militares-tendran-diferentes"],"gutentor_comment":0,"_links":{"self":[{"href":"https:\/\/www.notijalapa.net\/noticias\/wp-json\/wp\/v2\/posts\/23597","targetHints":{"allow":["GET"]}}],"collection":[{"href":"https:\/\/www.notijalapa.net\/noticias\/wp-json\/wp\/v2\/posts"}],"about":[{"href":"https:\/\/www.notijalapa.net\/noticias\/wp-json\/wp\/v2\/types\/post"}],"author":[{"embeddable":true,"href":"https:\/\/www.notijalapa.net\/noticias\/wp-json\/wp\/v2\/users\/2"}],"replies":[{"embeddable":true,"href":"https:\/\/www.notijalapa.net\/noticias\/wp-json\/wp\/v2\/comments?post=23597"}],"version-history":[{"count":3,"href":"https:\/\/www.notijalapa.net\/noticias\/wp-json\/wp\/v2\/posts\/23597\/revisions"}],"predecessor-version":[{"id":23600,"href":"https:\/\/www.notijalapa.net\/noticias\/wp-json\/wp\/v2\/posts\/23597\/revisions\/23600"}],"wp:featuredmedia":[{"embeddable":true,"href":"https:\/\/www.notijalapa.net\/noticias\/wp-json\/wp\/v2\/media\/23583"}],"wp:attachment":[{"href":"https:\/\/www.notijalapa.net\/noticias\/wp-json\/wp\/v2\/media?parent=23597"}],"wp:term":[{"taxonomy":"category","embeddable":true,"href":"https:\/\/www.notijalapa.net\/noticias\/wp-json\/wp\/v2\/categories?post=23597"},{"taxonomy":"post_tag","embeddable":true,"href":"https:\/\/www.notijalapa.net\/noticias\/wp-json\/wp\/v2\/tags?post=23597"}],"curies":[{"name":"wp","href":"https:\/\/api.w.org\/{rel}","templated":true}]}}